{"id":2598,"date":"2025-01-09T19:10:05","date_gmt":"2025-01-09T19:10:05","guid":{"rendered":"https:\/\/www.suapoderado.com\/?p=2598"},"modified":"2025-02-10T02:55:53","modified_gmt":"2025-02-10T02:55:53","slug":"terminacion-de-la-vacancia-judicial-en-colombia-informacion-clave-para-la-ciudadania","status":"publish","type":"post","link":"https:\/\/suapoderado.com\/index.php\/2025\/01\/09\/terminacion-de-la-vacancia-judicial-en-colombia-informacion-clave-para-la-ciudadania\/","title":{"rendered":"Terminaci\u00f3n de la Vacancia Judicial en Colombia: Informaci\u00f3n Clave para la Ciudadan\u00eda"},"content":{"rendered":"\n<p><p><span style=\"font-size: 18pt;\">Terminaci\u00f3n de la Vacancia Judicial en Colombia: Informaci\u00f3n Clave para la Ciudadan\u00eda<\/span><\/p>\n<p>Con la llegada del mes de enero, se aproxima el final de la <strong>vacancia judicial<\/strong> en la Rama Judicial de Colombia. Este per\u00edodo, que inici\u00f3 el pasado 20 de diciembre de 2024, concluir\u00e1 el pr\u00f3ximo <strong>10 de enero de 2025<\/strong>, marcando la reanudaci\u00f3n de actividades regulares en los despachos judiciales de todo el pa\u00eds.<\/p><\/p>\n\n\n\n<hr class=\"wp-block-separator has-alpha-channel-opacity\"\/>\n\n\n\n<h3 class=\"wp-block-heading\"><strong>\u00bfQu\u00e9 es la vacancia judicial?<\/strong><\/h3>\n\n\n\n<p>La vacancia judicial es un per\u00edodo en el que la mayor\u00eda de los despachos judiciales cesan temporalmente sus actividades, permitiendo a los servidores judiciales disfrutar de un receso colectivo. Este tiempo es fundamental para la planificaci\u00f3n y reorganizaci\u00f3n interna del sistema judicial, as\u00ed como para ofrecer un descanso a los funcionarios.<\/p>\n\n\n\n<p>Durante este lapso, los tr\u00e1mites ordinarios se suspenden, pero se garantizan ciertos servicios esenciales para la protecci\u00f3n de derechos fundamentales.<\/p>\n\n\n\n<hr class=\"wp-block-separator has-alpha-channel-opacity\"\/>\n\n\n\n<h3 class=\"wp-block-heading\"><strong>Servicios que Operaron Durante la Vacancia<\/strong><\/h3>\n\n\n\n<p>Aunque la mayor\u00eda de los juzgados y despachos cesaron sus actividades regulares, algunos continuaron trabajando para atender asuntos de urgencia. Estos incluyeron:<\/p>\n\n\n\n<ol class=\"wp-block-list\">\n<li><strong>Juzgados Penales Municipales:<\/strong>\n<ul class=\"wp-block-list\">\n<li>Control de garant\u00edas.<\/li>\n\n\n\n<li>Juzgados de conocimiento.<\/li>\n<\/ul>\n<\/li>\n\n\n\n<li><strong>Juzgados de Ejecuci\u00f3n de Penas y Medidas de Seguridad:<\/strong>\n<ul class=\"wp-block-list\">\n<li>Encargados de supervisar el cumplimiento de penas y medidas de seguridad impuestas.<\/li>\n<\/ul>\n<\/li>\n\n\n\n<li><strong>Unidades Administrativas de la Rama Judicial:<\/strong>\n<ul class=\"wp-block-list\">\n<li>Consejo Superior de la Judicatura y sus unidades administrativas.<\/li>\n\n\n\n<li>Consejos seccionales de la judicatura.<\/li>\n\n\n\n<li>Direcci\u00f3n Ejecutiva de Administraci\u00f3n Judicial y sus direcciones seccionales.<\/li>\n<\/ul>\n<\/li>\n<\/ol>\n\n\n\n<hr class=\"wp-block-separator has-alpha-channel-opacity\"\/>\n\n\n\n<h3 class=\"wp-block-heading\"><strong>Radicaci\u00f3n Virtual de Tutelas y H\u00e1beas Corpus<\/strong><\/h3>\n\n\n\n<p>Durante la vacancia judicial, se garantiz\u00f3 a los ciudadanos la posibilidad de presentar <strong>acciones de tutela<\/strong> y <strong>h\u00e1beas corpus<\/strong>, mecanismos fundamentales para la protecci\u00f3n de derechos constitucionales. Estas acciones pudieron ser radicadas de dos maneras:<\/p>\n\n\n\n<ol class=\"wp-block-list\">\n<li><strong>De manera virtual<\/strong>: A trav\u00e9s de la p\u00e1gina oficial de la Rama Judicial: <a href=\"https:\/\/procesojudicial.ramajudicial.gov.co\/TutelaEnLinea\">https:\/\/procesojudicial.ramajudicial.gov.co\/TutelaEnLinea<\/a>.<\/li>\n\n\n\n<li><strong>Presencialmente<\/strong>: En los juzgados que continuaron operando durante este per\u00edodo.<\/li>\n<\/ol>\n\n\n\n<hr class=\"wp-block-separator has-alpha-channel-opacity\"\/>\n\n\n\n<h3 class=\"wp-block-heading\"><strong>Reanudaci\u00f3n de Actividades<\/strong><\/h3>\n\n\n\n<p>A partir del <strong>11 de enero de 2025<\/strong>, los despachos judiciales reanudar\u00e1n sus actividades habituales. Esto significa que:<\/p>\n\n\n\n<ul class=\"wp-block-list\">\n<li>Se reactivar\u00e1n los t\u00e9rminos procesales suspendidos.<\/li>\n\n\n\n<li>Los ciudadanos podr\u00e1n realizar diligencias, consultas y radicaciones de manera regular en todos los juzgados y despachos del pa\u00eds.<\/li>\n<\/ul>\n\n\n\n<p><\/p>\n","protected":false},"excerpt":{"rendered":"<p>Terminaci\u00f3n de la Vacancia Judicial en Colombia: Informaci\u00f3n Clave para la Ciudadan\u00eda Con la llegada del mes de enero, se aproxima el final de la vacancia judicial en la Rama Judicial de Colombia. Este per\u00edodo, que inici\u00f3 el pasado 20 de diciembre de 2024, concluir\u00e1 el pr\u00f3ximo 10 de enero de 2025, marcando la reanudaci\u00f3n&#8230;<\/p>\n","protected":false},"author":1,"featured_media":0,"comment_status":"open","ping_status":"open","sticky":false,"template":"","format":"standard","meta":{"_kadence_starter_templates_imported_post":false,"_kad_post_transparent":"default","_kad_post_title":"default","_kad_post_layout":"default","_kad_post_sidebar_id":"","_kad_post_content_style":"default","_kad_post_vertical_padding":"default","_kad_post_feature":"","_kad_post_feature_position":"","_kad_post_header":false,"_kad_post_footer":false,"footnotes":""},"categories":[15],"tags":[],"class_list":["post-2598","post","type-post","status-publish","format-standard","hentry","category-noticias"],"yoast_head":"<!-- This site is optimized with the Yoast SEO plugin v24.6 - https:\/\/yoast.com\/wordpress\/plugins\/seo\/ -->\n<title>Terminaci\u00f3n de la Vacancia Judicial en Colombia: Informaci\u00f3n Clave para la Ciudadan\u00eda - Suapoderado<\/title>\n<meta name=\"robots\" content=\"index, follow, max-snippet:-1, max-image-preview:large, max-video-preview:-1\" \/>\n<link rel=\"canonical\" href=\"https:\/\/suapoderado.com\/index.php\/2025\/01\/09\/terminacion-de-la-vacancia-judicial-en-colombia-informacion-clave-para-la-ciudadania\/\" \/>\n<meta property=\"og:locale\" content=\"es_ES\" \/>\n<meta property=\"og:type\" content=\"article\" \/>\n<meta property=\"og:title\" content=\"Terminaci\u00f3n de la Vacancia Judicial en Colombia: Informaci\u00f3n Clave para la Ciudadan\u00eda - Suapoderado\" \/>\n<meta property=\"og:description\" content=\"Terminaci\u00f3n de la Vacancia Judicial en Colombia: Informaci\u00f3n Clave para la Ciudadan\u00eda Con la llegada del mes de enero, se aproxima el final de la vacancia judicial en la Rama Judicial de Colombia. Este per\u00edodo, que inici\u00f3 el pasado 20 de diciembre de 2024, concluir\u00e1 el pr\u00f3ximo 10 de enero de 2025, marcando la reanudaci\u00f3n...\" \/>\n<meta property=\"og:url\" content=\"https:\/\/suapoderado.com\/index.php\/2025\/01\/09\/terminacion-de-la-vacancia-judicial-en-colombia-informacion-clave-para-la-ciudadania\/\" \/>\n<meta property=\"og:site_name\" content=\"Suapoderado\" \/>\n<meta property=\"article:published_time\" content=\"2025-01-09T19:10:05+00:00\" \/>\n<meta property=\"article:modified_time\" content=\"2025-02-10T02:55:53+00:00\" \/>\n<meta name=\"author\" content=\"mferrerhernandez@suapoderado.com\" \/>\n<meta name=\"twitter:card\" content=\"summary_large_image\" \/>\n<meta name=\"twitter:label1\" content=\"Escrito por\" \/>\n\t<meta name=\"twitter:data1\" content=\"mferrerhernandez@suapoderado.com\" \/>\n\t<meta name=\"twitter:label2\" content=\"Tiempo de lectura\" \/>\n\t<meta name=\"twitter:data2\" content=\"2 minutos\" \/>\n<script type=\"application\/ld+json\" class=\"yoast-schema-graph\">{\"@context\":\"https:\/\/schema.org\",\"@graph\":[{\"@type\":\"Article\",\"@id\":\"https:\/\/suapoderado.com\/index.php\/2025\/01\/09\/terminacion-de-la-vacancia-judicial-en-colombia-informacion-clave-para-la-ciudadania\/#article\",\"isPartOf\":{\"@id\":\"https:\/\/suapoderado.com\/index.php\/2025\/01\/09\/terminacion-de-la-vacancia-judicial-en-colombia-informacion-clave-para-la-ciudadania\/\"},\"author\":{\"name\":\"mferrerhernandez@suapoderado.com\",\"@id\":\"https:\/\/suapoderado.com\/#\/schema\/person\/cfffd57ddb2b4ab35950b27d9a38240b\"},\"headline\":\"Terminaci\u00f3n de la Vacancia Judicial en Colombia: Informaci\u00f3n Clave para la Ciudadan\u00eda\",\"datePublished\":\"2025-01-09T19:10:05+00:00\",\"dateModified\":\"2025-02-10T02:55:53+00:00\",\"mainEntityOfPage\":{\"@id\":\"https:\/\/suapoderado.com\/index.php\/2025\/01\/09\/terminacion-de-la-vacancia-judicial-en-colombia-informacion-clave-para-la-ciudadania\/\"},\"wordCount\":386,\"commentCount\":0,\"publisher\":{\"@id\":\"https:\/\/suapoderado.com\/#organization\"},\"articleSection\":[\"Noticias\"],\"inLanguage\":\"es-CO\",\"potentialAction\":[{\"@type\":\"CommentAction\",\"name\":\"Comment\",\"target\":[\"https:\/\/suapoderado.com\/index.php\/2025\/01\/09\/terminacion-de-la-vacancia-judicial-en-colombia-informacion-clave-para-la-ciudadania\/#respond\"]}]},{\"@type\":\"WebPage\",\"@id\":\"https:\/\/suapoderado.com\/index.php\/2025\/01\/09\/terminacion-de-la-vacancia-judicial-en-colombia-informacion-clave-para-la-ciudadania\/\",\"url\":\"https:\/\/suapoderado.com\/index.php\/2025\/01\/09\/terminacion-de-la-vacancia-judicial-en-colombia-informacion-clave-para-la-ciudadania\/\",\"name\":\"Terminaci\u00f3n de la Vacancia Judicial en Colombia: Informaci\u00f3n Clave para la Ciudadan\u00eda - Suapoderado\",\"isPartOf\":{\"@id\":\"https:\/\/suapoderado.com\/#website\"},\"datePublished\":\"2025-01-09T19:10:05+00:00\",\"dateModified\":\"2025-02-10T02:55:53+00:00\",\"breadcrumb\":{\"@id\":\"https:\/\/suapoderado.com\/index.php\/2025\/01\/09\/terminacion-de-la-vacancia-judicial-en-colombia-informacion-clave-para-la-ciudadania\/#breadcrumb\"},\"inLanguage\":\"es-CO\",\"potentialAction\":[{\"@type\":\"ReadAction\",\"target\":[\"https:\/\/suapoderado.com\/index.php\/2025\/01\/09\/terminacion-de-la-vacancia-judicial-en-colombia-informacion-clave-para-la-ciudadania\/\"]}]},{\"@type\":\"BreadcrumbList\",\"@id\":\"https:\/\/suapoderado.com\/index.php\/2025\/01\/09\/terminacion-de-la-vacancia-judicial-en-colombia-informacion-clave-para-la-ciudadania\/#breadcrumb\",\"itemListElement\":[{\"@type\":\"ListItem\",\"position\":1,\"name\":\"Inicio\",\"item\":\"https:\/\/suapoderado.com\/\"},{\"@type\":\"ListItem\",\"position\":2,\"name\":\"Terminaci\u00f3n de la Vacancia Judicial en Colombia: Informaci\u00f3n Clave para la Ciudadan\u00eda\"}]},{\"@type\":\"WebSite\",\"@id\":\"https:\/\/suapoderado.com\/#website\",\"url\":\"https:\/\/suapoderado.com\/\",\"name\":\"Suapoderado\",\"description\":\"Ferrer &amp; Hern\u00e1ndez Abogados\",\"publisher\":{\"@id\":\"https:\/\/suapoderado.com\/#organization\"},\"potentialAction\":[{\"@type\":\"SearchAction\",\"target\":{\"@type\":\"EntryPoint\",\"urlTemplate\":\"https:\/\/suapoderado.com\/?s={search_term_string}\"},\"query-input\":{\"@type\":\"PropertyValueSpecification\",\"valueRequired\":true,\"valueName\":\"search_term_string\"}}],\"inLanguage\":\"es-CO\"},{\"@type\":\"Organization\",\"@id\":\"https:\/\/suapoderado.com\/#organization\",\"name\":\"Suapoderado\",\"alternateName\":\"Ferrer & Hernandez Abogados\",\"url\":\"https:\/\/suapoderado.com\/\",\"logo\":{\"@type\":\"ImageObject\",\"inLanguage\":\"es-CO\",\"@id\":\"https:\/\/suapoderado.com\/#\/schema\/logo\/image\/\",\"url\":\"http:\/\/www.suapoderado.com\/wp-content\/uploads\/2025\/02\/favicon_suapoderado_final_48x48.png\",\"contentUrl\":\"http:\/\/www.suapoderado.com\/wp-content\/uploads\/2025\/02\/favicon_suapoderado_final_48x48.png\",\"width\":48,\"height\":48,\"caption\":\"Suapoderado\"},\"image\":{\"@id\":\"https:\/\/suapoderado.com\/#\/schema\/logo\/image\/\"}},{\"@type\":\"Person\",\"@id\":\"https:\/\/suapoderado.com\/#\/schema\/person\/cfffd57ddb2b4ab35950b27d9a38240b\",\"name\":\"mferrerhernandez@suapoderado.com\",\"image\":{\"@type\":\"ImageObject\",\"inLanguage\":\"es-CO\",\"@id\":\"https:\/\/suapoderado.com\/#\/schema\/person\/image\/\",\"url\":\"https:\/\/secure.gravatar.com\/avatar\/81d200cdcda114b1b55f13aa2898eb27?s=96&d=mm&r=g\",\"contentUrl\":\"https:\/\/secure.gravatar.com\/avatar\/81d200cdcda114b1b55f13aa2898eb27?s=96&d=mm&r=g\",\"caption\":\"mferrerhernandez@suapoderado.com\"},\"sameAs\":[\"http:\/\/wwww.suapoderado.com\"],\"url\":\"https:\/\/suapoderado.com\/index.php\/author\/mferrerhernandezhotmail-com\/\"}]}<\/script>\n<!-- \/ Yoast SEO plugin. -->","yoast_head_json":{"title":"Terminaci\u00f3n de la Vacancia Judicial en Colombia: Informaci\u00f3n Clave para la Ciudadan\u00eda - Suapoderado","robots":{"index":"index","follow":"follow","max-snippet":"max-snippet:-1","max-image-preview":"max-image-preview:large","max-video-preview":"max-video-preview:-1"},"canonical":"https:\/\/suapoderado.com\/index.php\/2025\/01\/09\/terminacion-de-la-vacancia-judicial-en-colombia-informacion-clave-para-la-ciudadania\/","og_locale":"es_ES","og_type":"article","og_title":"Terminaci\u00f3n de la Vacancia Judicial en Colombia: Informaci\u00f3n Clave para la Ciudadan\u00eda - Suapoderado","og_description":"Terminaci\u00f3n de la Vacancia Judicial en Colombia: Informaci\u00f3n Clave para la Ciudadan\u00eda Con la llegada del mes de enero, se aproxima el final de la vacancia judicial en la Rama Judicial de Colombia. Este per\u00edodo, que inici\u00f3 el pasado 20 de diciembre de 2024, concluir\u00e1 el pr\u00f3ximo 10 de enero de 2025, marcando la reanudaci\u00f3n...","og_url":"https:\/\/suapoderado.com\/index.php\/2025\/01\/09\/terminacion-de-la-vacancia-judicial-en-colombia-informacion-clave-para-la-ciudadania\/","og_site_name":"Suapoderado","article_published_time":"2025-01-09T19:10:05+00:00","article_modified_time":"2025-02-10T02:55:53+00:00","author":"mferrerhernandez@suapoderado.com","twitter_card":"summary_large_image","twitter_misc":{"Escrito por":"mferrerhernandez@suapoderado.com","Tiempo de lectura":"2 minutos"},"schema":{"@context":"https:\/\/schema.org","@graph":[{"@type":"Article","@id":"https:\/\/suapoderado.com\/index.php\/2025\/01\/09\/terminacion-de-la-vacancia-judicial-en-colombia-informacion-clave-para-la-ciudadania\/#article","isPartOf":{"@id":"https:\/\/suapoderado.com\/index.php\/2025\/01\/09\/terminacion-de-la-vacancia-judicial-en-colombia-informacion-clave-para-la-ciudadania\/"},"author":{"name":"mferrerhernandez@suapoderado.com","@id":"https:\/\/suapoderado.com\/#\/schema\/person\/cfffd57ddb2b4ab35950b27d9a38240b"},"headline":"Terminaci\u00f3n de la Vacancia Judicial en Colombia: Informaci\u00f3n Clave para la Ciudadan\u00eda","datePublished":"2025-01-09T19:10:05+00:00","dateModified":"2025-02-10T02:55:53+00:00","mainEntityOfPage":{"@id":"https:\/\/suapoderado.com\/index.php\/2025\/01\/09\/terminacion-de-la-vacancia-judicial-en-colombia-informacion-clave-para-la-ciudadania\/"},"wordCount":386,"commentCount":0,"publisher":{"@id":"https:\/\/suapoderado.com\/#organization"},"articleSection":["Noticias"],"inLanguage":"es-CO","potentialAction":[{"@type":"CommentAction","name":"Comment","target":["https:\/\/suapoderado.com\/index.php\/2025\/01\/09\/terminacion-de-la-vacancia-judicial-en-colombia-informacion-clave-para-la-ciudadania\/#respond"]}]},{"@type":"WebPage","@id":"https:\/\/suapoderado.com\/index.php\/2025\/01\/09\/terminacion-de-la-vacancia-judicial-en-colombia-informacion-clave-para-la-ciudadania\/","url":"https:\/\/suapoderado.com\/index.php\/2025\/01\/09\/terminacion-de-la-vacancia-judicial-en-colombia-informacion-clave-para-la-ciudadania\/","name":"Terminaci\u00f3n de la Vacancia Judicial en Colombia: Informaci\u00f3n Clave para la Ciudadan\u00eda - Suapoderado","isPartOf":{"@id":"https:\/\/suapoderado.com\/#website"},"datePublished":"2025-01-09T19:10:05+00:00","dateModified":"2025-02-10T02:55:53+00:00","breadcrumb":{"@id":"https:\/\/suapoderado.com\/index.php\/2025\/01\/09\/terminacion-de-la-vacancia-judicial-en-colombia-informacion-clave-para-la-ciudadania\/#breadcrumb"},"inLanguage":"es-CO","potentialAction":[{"@type":"ReadAction","target":["https:\/\/suapoderado.com\/index.php\/2025\/01\/09\/terminacion-de-la-vacancia-judicial-en-colombia-informacion-clave-para-la-ciudadania\/"]}]},{"@type":"BreadcrumbList","@id":"https:\/\/suapoderado.com\/index.php\/2025\/01\/09\/terminacion-de-la-vacancia-judicial-en-colombia-informacion-clave-para-la-ciudadania\/#breadcrumb","itemListElement":[{"@type":"ListItem","position":1,"name":"Inicio","item":"https:\/\/suapoderado.com\/"},{"@type":"ListItem","position":2,"name":"Terminaci\u00f3n de la Vacancia Judicial en Colombia: Informaci\u00f3n Clave para la Ciudadan\u00eda"}]},{"@type":"WebSite","@id":"https:\/\/suapoderado.com\/#website","url":"https:\/\/suapoderado.com\/","name":"Suapoderado","description":"Ferrer &amp; Hern\u00e1ndez Abogados","publisher":{"@id":"https:\/\/suapoderado.com\/#organization"},"potentialAction":[{"@type":"SearchAction","target":{"@type":"EntryPoint","urlTemplate":"https:\/\/suapoderado.com\/?s={search_term_string}"},"query-input":{"@type":"PropertyValueSpecification","valueRequired":true,"valueName":"search_term_string"}}],"inLanguage":"es-CO"},{"@type":"Organization","@id":"https:\/\/suapoderado.com\/#organization","name":"Suapoderado","alternateName":"Ferrer & Hernandez Abogados","url":"https:\/\/suapoderado.com\/","logo":{"@type":"ImageObject","inLanguage":"es-CO","@id":"https:\/\/suapoderado.com\/#\/schema\/logo\/image\/","url":"http:\/\/www.suapoderado.com\/wp-content\/uploads\/2025\/02\/favicon_suapoderado_final_48x48.png","contentUrl":"http:\/\/www.suapoderado.com\/wp-content\/uploads\/2025\/02\/favicon_suapoderado_final_48x48.png","width":48,"height":48,"caption":"Suapoderado"},"image":{"@id":"https:\/\/suapoderado.com\/#\/schema\/logo\/image\/"}},{"@type":"Person","@id":"https:\/\/suapoderado.com\/#\/schema\/person\/cfffd57ddb2b4ab35950b27d9a38240b","name":"mferrerhernandez@suapoderado.com","image":{"@type":"ImageObject","inLanguage":"es-CO","@id":"https:\/\/suapoderado.com\/#\/schema\/person\/image\/","url":"https:\/\/secure.gravatar.com\/avatar\/81d200cdcda114b1b55f13aa2898eb27?s=96&d=mm&r=g","contentUrl":"https:\/\/secure.gravatar.com\/avatar\/81d200cdcda114b1b55f13aa2898eb27?s=96&d=mm&r=g","caption":"mferrerhernandez@suapoderado.com"},"sameAs":["http:\/\/wwww.suapoderado.com"],"url":"https:\/\/suapoderado.com\/index.php\/author\/mferrerhernandezhotmail-com\/"}]}},"_links":{"self":[{"href":"https:\/\/suapoderado.com\/index.php\/wp-json\/wp\/v2\/posts\/2598","targetHints":{"allow":["GET"]}}],"collection":[{"href":"https:\/\/suapoderado.com\/index.php\/wp-json\/wp\/v2\/posts"}],"about":[{"href":"https:\/\/suapoderado.com\/index.php\/wp-json\/wp\/v2\/types\/post"}],"author":[{"embeddable":true,"href":"https:\/\/suapoderado.com\/index.php\/wp-json\/wp\/v2\/users\/1"}],"replies":[{"embeddable":true,"href":"https:\/\/suapoderado.com\/index.php\/wp-json\/wp\/v2\/comments?post=2598"}],"version-history":[{"count":3,"href":"https:\/\/suapoderado.com\/index.php\/wp-json\/wp\/v2\/posts\/2598\/revisions"}],"predecessor-version":[{"id":3544,"href":"https:\/\/suapoderado.com\/index.php\/wp-json\/wp\/v2\/posts\/2598\/revisions\/3544"}],"wp:attachment":[{"href":"https:\/\/suapoderado.com\/index.php\/wp-json\/wp\/v2\/media?parent=2598"}],"wp:term":[{"taxonomy":"category","embeddable":true,"href":"https:\/\/suapoderado.com\/index.php\/wp-json\/wp\/v2\/categories?post=2598"},{"taxonomy":"post_tag","embeddable":true,"href":"https:\/\/suapoderado.com\/index.php\/wp-json\/wp\/v2\/tags?post=2598"}],"curies":[{"name":"wp","href":"https:\/\/api.w.org\/{rel}","templated":true}]}}