{"id":2710,"date":"2025-01-11T09:05:47","date_gmt":"2025-01-11T09:05:47","guid":{"rendered":"https:\/\/www.suapoderado.com\/?p=2710"},"modified":"2025-02-10T02:53:59","modified_gmt":"2025-02-10T02:53:59","slug":"accion-de-reparacion-directa","status":"publish","type":"post","link":"https:\/\/suapoderado.com\/index.php\/2025\/01\/11\/accion-de-reparacion-directa\/","title":{"rendered":"Acci\u00f3n de Reparaci\u00f3n Directa"},"content":{"rendered":"<div class=\"flex-1 overflow-hidden @container\/thread\">\n<div class=\"h-full\">\n<div class=\"react-scroll-to-bottom--css-dhwll-79elbk h-full\">\n<div class=\"react-scroll-to-bottom--css-dhwll-1n7m0yu\">\n<div class=\"flex flex-col text-sm md:pb-9\">\n<article class=\"w-full scroll-mb-[var(--thread-trailing-height,150px)] text-token-text-primary focus-visible:outline-2 focus-visible:outline-offset-[-4px]\" dir=\"auto\" data-testid=\"conversation-turn-31\" data-scroll-anchor=\"true\">\n<div class=\"m-auto text-base py-[18px] px-3 md:px-4 w-full md:px-5 lg:px-4 xl:px-5\">\n<div class=\"mx-auto flex flex-1 gap-4 text-base md:gap-5 lg:gap-6 md:max-w-3xl lg:max-w-[40rem] xl:max-w-[48rem]\">\n<div class=\"group\/conversation-turn relative flex w-full min-w-0 flex-col agent-turn\">\n<div class=\"flex-col gap-1 md:gap-3\">\n<div class=\"flex max-w-full flex-col flex-grow\">\n<div class=\"min-h-8 text-message flex w-full flex-col items-end gap-2 whitespace-normal break-words text-start [.text-message+&amp;]:mt-5\" dir=\"auto\" data-message-author-role=\"assistant\" data-message-id=\"a76bf93f-ae3f-4dff-984a-754e71f7c6a0\" data-message-model-slug=\"gpt-4o\">\n<div class=\"flex w-full flex-col gap-1 empty:hidden first:pt-[3px]\">\n<div class=\"markdown prose w-full break-words dark:prose-invert light\">\n<h3><strong>Acci\u00f3n de Reparaci\u00f3n Directa (Art. 140 CPACA)<\/strong><\/h3>\n<p>La <strong>Acci\u00f3n de Reparaci\u00f3n Directa<\/strong>, regulada en el <strong>art\u00edculo 140 del C\u00f3digo de Procedimiento Administrativo y de lo Contencioso Administrativo (CPACA)<\/strong>, es un mecanismo esencial para exigir que el Estado asuma responsabilidad por los da\u00f1os causados a los ciudadanos. Este recurso permite reclamar una indemnizaci\u00f3n por perjuicios derivados de la acci\u00f3n, omisi\u00f3n o funcionamiento irregular de las autoridades p\u00fablicas.<\/p>\n<hr \/>\n<h4><strong>\u00bfQu\u00e9 Problem\u00e1ticas Aborda la Acci\u00f3n de Reparaci\u00f3n Directa?<\/strong><\/h4>\n<ol>\n<li><strong>Da\u00f1os por Funcionamiento Defectuoso de la Administraci\u00f3n P\u00fablica:<\/strong>\n<ul>\n<li>Cuando las acciones u omisiones de una autoridad p\u00fablica generan un da\u00f1o injustificado.<\/li>\n<li><strong>Ejemplo:<\/strong> Retrasos en servicios esenciales como la atenci\u00f3n m\u00e9dica o la prestaci\u00f3n de justicia.<\/li>\n<\/ul>\n<\/li>\n<li><strong>Accidentes de Tr\u00e1nsito Involucrando Veh\u00edculos Oficiales:<\/strong>\n<ul>\n<li>Situaciones en las que veh\u00edculos pertenecientes al Estado causan da\u00f1os a personas o bienes.<\/li>\n<li><strong>Ejemplo:<\/strong> Un accidente ocasionado por un autob\u00fas de transporte p\u00fablico estatal.<\/li>\n<\/ul>\n<\/li>\n<li><strong>Violaciones de Derechos Humanos:<\/strong>\n<ul>\n<li>Casos donde se evidencian da\u00f1os por detenciones arbitrarias, uso excesivo de la fuerza o actos negligentes.<\/li>\n<li><strong>Ejemplo:<\/strong> Detenci\u00f3n ilegal que afecte la integridad moral o f\u00edsica del ciudadano.<\/li>\n<\/ul>\n<\/li>\n<li><strong>Da\u00f1os Ambientales Generados por el Estado:<\/strong>\n<ul>\n<li>Cuando la actividad de una entidad estatal afecta ecosistemas o recursos naturales.<\/li>\n<li><strong>Ejemplo:<\/strong> Derrames de sustancias contaminantes en r\u00edos ocasionados por obras p\u00fablicas.<\/li>\n<\/ul>\n<\/li>\n<li><strong>Desplazamiento o Afectaciones por Proyectos Estatales:<\/strong>\n<ul>\n<li>Perjuicios derivados de obras p\u00fablicas como expropiaciones, construcci\u00f3n de v\u00edas o reubicaciones forzadas.<\/li>\n<li><strong>Ejemplo:<\/strong> P\u00e9rdidas econ\u00f3micas por la expropiaci\u00f3n de un predio sin justa compensaci\u00f3n.<\/li>\n<\/ul>\n<\/li>\n<\/ol>\n<hr \/>\n<h4><strong>\u00bfQu\u00e9 Busca Esta Acci\u00f3n?<\/strong><\/h4>\n<p>La <strong>Acci\u00f3n de Reparaci\u00f3n Directa<\/strong> tiene como objetivo garantizar que el Estado responda por los <strong>da\u00f1os antijur\u00eddicos<\/strong> causados a los ciudadanos. Esto incluye:<\/p>\n<ul>\n<li><strong>Indemnizaci\u00f3n econ\u00f3mica:<\/strong> Compensaci\u00f3n por perjuicios materiales y morales.<\/li>\n<li><strong>Reconocimiento de responsabilidad:<\/strong> Obligar al Estado a admitir y corregir sus errores.<\/li>\n<\/ul>\n<hr \/>\n<h4><strong>Plazos y Procedencia<\/strong><\/h4>\n<ul>\n<li><strong>T\u00e9rmino para interponer la acci\u00f3n:<\/strong> Debe presentarse dentro de los <strong>dos a\u00f1os siguientes<\/strong> a la ocurrencia del hecho, omisi\u00f3n o acto que caus\u00f3 el da\u00f1o, o desde el momento en que se tuvo conocimiento del mismo.<\/li>\n<li><strong>Legitimaci\u00f3n:<\/strong> Puede ser presentada por cualquier persona afectada directamente por el da\u00f1o.<\/li>\n<\/ul>\n<hr \/>\n<h4><strong>Casos Comunes de Aplicaci\u00f3n<\/strong><\/h4>\n<ul>\n<li><strong>Errores M\u00e9dicos en Entidades P\u00fablicas:<\/strong> Indemnizaci\u00f3n por negligencia m\u00e9dica en hospitales estatales.<\/li>\n<li><strong>Actuaciones Irregulares de la Fuerza P\u00fablica:<\/strong> Reparaci\u00f3n por da\u00f1os causados durante operativos policiales o militares.<\/li>\n<li><strong>Perjuicios por Suspensi\u00f3n Injustificada de Contratos Estatales:<\/strong> Reclamos por p\u00e9rdidas econ\u00f3micas derivadas de la terminaci\u00f3n unilateral de contratos.<\/li>\n<li><strong>Da\u00f1os en Bienes Privados por Obras P\u00fablicas:<\/strong> Indemnizaci\u00f3n por afectaciones a propiedades causadas por construcci\u00f3n de v\u00edas o infraestructura.<\/li>\n<\/ul>\n<hr \/>\n<h4><strong>Nuestro Compromiso Contigo<\/strong><\/h4>\n<p>En nuestra firma, estamos comprometidos a garantizar que los ciudadanos reciban justicia frente a los perjuicios causados por el Estado. Te ofrecemos:<\/p>\n<ul>\n<li><strong>An\u00e1lisis legal exhaustivo:<\/strong> Evaluamos la viabilidad de tu caso y cuantificamos los da\u00f1os sufridos.<\/li>\n<li><strong>Estrategia jur\u00eddica personalizada:<\/strong> Dise\u00f1amos un plan que maximice tus posibilidades de \u00e9xito.<\/li>\n<li><strong>Representaci\u00f3n integral:<\/strong> Te acompa\u00f1amos en cada etapa del proceso hasta obtener la compensaci\u00f3n justa.<\/li>\n<\/ul>\n<hr \/>\n<h4><strong>Historias de \u00c9xito<\/strong><\/h4>\n<ul>\n<li><strong>Reparaci\u00f3n por Error M\u00e9dico:<\/strong> Conseguimos una indemnizaci\u00f3n significativa para una familia afectada por un procedimiento quir\u00fargico negligente.<\/li>\n<li><strong>Indemnizaci\u00f3n por Da\u00f1os Ambientales:<\/strong> Representamos a una comunidad afectada por la contaminaci\u00f3n de un r\u00edo debido a obras p\u00fablicas.<\/li>\n<li><strong>Compensaci\u00f3n por Expropiaci\u00f3n Irregular:<\/strong> Garantizamos el pago justo por un predio afectado por un proyecto vial.<\/li>\n<\/ul>\n<hr \/>\n<h4><strong>\u00a1Haz Valer tus Derechos!<\/strong><\/h4>\n<p>Si has sido v\u00edctima de un da\u00f1o antijur\u00eddico causado por el Estado, no est\u00e1s solo. La <strong>Acci\u00f3n de Reparaci\u00f3n Directa<\/strong> es tu mejor herramienta para obtener justicia y reparaci\u00f3n.<\/p>\n<p><strong>Cont\u00e1ctanos hoy mismo y perm\u00edtenos ayudarte a reclamar lo que te corresponde.<\/strong><\/p>\n<p>\u00a1Estamos aqu\u00ed para defender tus derechos!<\/p>\n<\/div>\n<\/div>\n<\/div>\n<\/div>\n<\/div>\n<\/div>\n<\/div>\n<\/div>\n<\/article>\n<\/div>\n<\/div>\n<\/div>\n<\/div>\n<\/div>\n<div class=\"md:pt-0 dark:border-white\/20 md:border-transparent md:dark:border-transparent w-full\">\n<div>\n<div class=\"m-auto text-base px-3 md:px-4 w-full md:px-5 lg:px-4 xl:px-5\">\n<div class=\"mx-auto flex flex-1 gap-4 text-base md:gap-5 lg:gap-6 md:max-w-3xl lg:max-w-[40rem] xl:max-w-[48rem]\">\n<div class=\"flex justify-center\"><\/div>\n<\/div>\n<\/div>\n<\/div>\n<\/div>\n","protected":false},"excerpt":{"rendered":"<p>Acci\u00f3n de Reparaci\u00f3n Directa (Art. 140 CPACA) La Acci\u00f3n de Reparaci\u00f3n Directa, regulada en el art\u00edculo 140 del C\u00f3digo de Procedimiento Administrativo y de lo Contencioso Administrativo (CPACA), es un mecanismo esencial para exigir que el Estado asuma responsabilidad por los da\u00f1os causados a los ciudadanos. Este recurso permite reclamar una indemnizaci\u00f3n por perjuicios derivados&#8230;<\/p>\n","protected":false},"author":1,"featured_media":0,"comment_status":"open","ping_status":"open","sticky":false,"template":"","format":"standard","meta":{"_kadence_starter_templates_imported_post":false,"_kad_post_transparent":"default","_kad_post_title":"default","_kad_post_layout":"default","_kad_post_sidebar_id":"","_kad_post_content_style":"default","_kad_post_vertical_padding":"default","_kad_post_feature":"","_kad_post_feature_position":"","_kad_post_header":false,"_kad_post_footer":false,"footnotes":""},"categories":[1],"tags":[],"class_list":["post-2710","post","type-post","status-publish","format-standard","hentry","category-derecho-de-familia"],"yoast_head":"<!-- This site is optimized with the Yoast SEO plugin v24.6 - https:\/\/yoast.com\/wordpress\/plugins\/seo\/ -->\n<title>Acci\u00f3n de Reparaci\u00f3n Directa - Suapoderado<\/title>\n<meta name=\"robots\" content=\"index, follow, max-snippet:-1, max-image-preview:large, max-video-preview:-1\" \/>\n<link rel=\"canonical\" href=\"https:\/\/suapoderado.com\/index.php\/2025\/01\/11\/accion-de-reparacion-directa\/\" \/>\n<meta property=\"og:locale\" content=\"es_ES\" \/>\n<meta property=\"og:type\" content=\"article\" \/>\n<meta property=\"og:title\" content=\"Acci\u00f3n de Reparaci\u00f3n Directa - Suapoderado\" \/>\n<meta property=\"og:description\" content=\"Acci\u00f3n de Reparaci\u00f3n Directa (Art. 140 CPACA) La Acci\u00f3n de Reparaci\u00f3n Directa, regulada en el art\u00edculo 140 del C\u00f3digo de Procedimiento Administrativo y de lo Contencioso Administrativo (CPACA), es un mecanismo esencial para exigir que el Estado asuma responsabilidad por los da\u00f1os causados a los ciudadanos. Este recurso permite reclamar una indemnizaci\u00f3n por perjuicios derivados...\" \/>\n<meta property=\"og:url\" content=\"https:\/\/suapoderado.com\/index.php\/2025\/01\/11\/accion-de-reparacion-directa\/\" \/>\n<meta property=\"og:site_name\" content=\"Suapoderado\" \/>\n<meta property=\"article:published_time\" content=\"2025-01-11T09:05:47+00:00\" \/>\n<meta property=\"article:modified_time\" content=\"2025-02-10T02:53:59+00:00\" \/>\n<meta name=\"author\" content=\"mferrerhernandez@suapoderado.com\" \/>\n<meta name=\"twitter:card\" content=\"summary_large_image\" \/>\n<meta name=\"twitter:label1\" content=\"Escrito por\" \/>\n\t<meta name=\"twitter:data1\" content=\"mferrerhernandez@suapoderado.com\" \/>\n\t<meta name=\"twitter:label2\" content=\"Tiempo de lectura\" \/>\n\t<meta name=\"twitter:data2\" content=\"3 minutos\" \/>\n<script type=\"application\/ld+json\" class=\"yoast-schema-graph\">{\"@context\":\"https:\/\/schema.org\",\"@graph\":[{\"@type\":\"Article\",\"@id\":\"https:\/\/suapoderado.com\/index.php\/2025\/01\/11\/accion-de-reparacion-directa\/#article\",\"isPartOf\":{\"@id\":\"https:\/\/suapoderado.com\/index.php\/2025\/01\/11\/accion-de-reparacion-directa\/\"},\"author\":{\"name\":\"mferrerhernandez@suapoderado.com\",\"@id\":\"https:\/\/suapoderado.com\/#\/schema\/person\/cfffd57ddb2b4ab35950b27d9a38240b\"},\"headline\":\"Acci\u00f3n de Reparaci\u00f3n Directa\",\"datePublished\":\"2025-01-11T09:05:47+00:00\",\"dateModified\":\"2025-02-10T02:53:59+00:00\",\"mainEntityOfPage\":{\"@id\":\"https:\/\/suapoderado.com\/index.php\/2025\/01\/11\/accion-de-reparacion-directa\/\"},\"wordCount\":673,\"commentCount\":0,\"publisher\":{\"@id\":\"https:\/\/suapoderado.com\/#organization\"},\"articleSection\":[\"Derecho de Familia\"],\"inLanguage\":\"es-CO\",\"potentialAction\":[{\"@type\":\"CommentAction\",\"name\":\"Comment\",\"target\":[\"https:\/\/suapoderado.com\/index.php\/2025\/01\/11\/accion-de-reparacion-directa\/#respond\"]}]},{\"@type\":\"WebPage\",\"@id\":\"https:\/\/suapoderado.com\/index.php\/2025\/01\/11\/accion-de-reparacion-directa\/\",\"url\":\"https:\/\/suapoderado.com\/index.php\/2025\/01\/11\/accion-de-reparacion-directa\/\",\"name\":\"Acci\u00f3n de Reparaci\u00f3n Directa - Suapoderado\",\"isPartOf\":{\"@id\":\"https:\/\/suapoderado.com\/#website\"},\"datePublished\":\"2025-01-11T09:05:47+00:00\",\"dateModified\":\"2025-02-10T02:53:59+00:00\",\"breadcrumb\":{\"@id\":\"https:\/\/suapoderado.com\/index.php\/2025\/01\/11\/accion-de-reparacion-directa\/#breadcrumb\"},\"inLanguage\":\"es-CO\",\"potentialAction\":[{\"@type\":\"ReadAction\",\"target\":[\"https:\/\/suapoderado.com\/index.php\/2025\/01\/11\/accion-de-reparacion-directa\/\"]}]},{\"@type\":\"BreadcrumbList\",\"@id\":\"https:\/\/suapoderado.com\/index.php\/2025\/01\/11\/accion-de-reparacion-directa\/#breadcrumb\",\"itemListElement\":[{\"@type\":\"ListItem\",\"position\":1,\"name\":\"Inicio\",\"item\":\"https:\/\/suapoderado.com\/\"},{\"@type\":\"ListItem\",\"position\":2,\"name\":\"Acci\u00f3n de Reparaci\u00f3n Directa\"}]},{\"@type\":\"WebSite\",\"@id\":\"https:\/\/suapoderado.com\/#website\",\"url\":\"https:\/\/suapoderado.com\/\",\"name\":\"Suapoderado\",\"description\":\"Ferrer &amp; Hern\u00e1ndez Abogados\",\"publisher\":{\"@id\":\"https:\/\/suapoderado.com\/#organization\"},\"potentialAction\":[{\"@type\":\"SearchAction\",\"target\":{\"@type\":\"EntryPoint\",\"urlTemplate\":\"https:\/\/suapoderado.com\/?s={search_term_string}\"},\"query-input\":{\"@type\":\"PropertyValueSpecification\",\"valueRequired\":true,\"valueName\":\"search_term_string\"}}],\"inLanguage\":\"es-CO\"},{\"@type\":\"Organization\",\"@id\":\"https:\/\/suapoderado.com\/#organization\",\"name\":\"Suapoderado\",\"alternateName\":\"Ferrer & Hernandez Abogados\",\"url\":\"https:\/\/suapoderado.com\/\",\"logo\":{\"@type\":\"ImageObject\",\"inLanguage\":\"es-CO\",\"@id\":\"https:\/\/suapoderado.com\/#\/schema\/logo\/image\/\",\"url\":\"http:\/\/www.suapoderado.com\/wp-content\/uploads\/2025\/02\/favicon_suapoderado_final_48x48.png\",\"contentUrl\":\"http:\/\/www.suapoderado.com\/wp-content\/uploads\/2025\/02\/favicon_suapoderado_final_48x48.png\",\"width\":48,\"height\":48,\"caption\":\"Suapoderado\"},\"image\":{\"@id\":\"https:\/\/suapoderado.com\/#\/schema\/logo\/image\/\"}},{\"@type\":\"Person\",\"@id\":\"https:\/\/suapoderado.com\/#\/schema\/person\/cfffd57ddb2b4ab35950b27d9a38240b\",\"name\":\"mferrerhernandez@suapoderado.com\",\"image\":{\"@type\":\"ImageObject\",\"inLanguage\":\"es-CO\",\"@id\":\"https:\/\/suapoderado.com\/#\/schema\/person\/image\/\",\"url\":\"https:\/\/secure.gravatar.com\/avatar\/81d200cdcda114b1b55f13aa2898eb27?s=96&d=mm&r=g\",\"contentUrl\":\"https:\/\/secure.gravatar.com\/avatar\/81d200cdcda114b1b55f13aa2898eb27?s=96&d=mm&r=g\",\"caption\":\"mferrerhernandez@suapoderado.com\"},\"sameAs\":[\"http:\/\/wwww.suapoderado.com\"],\"url\":\"https:\/\/suapoderado.com\/index.php\/author\/mferrerhernandezhotmail-com\/\"}]}<\/script>\n<!-- \/ Yoast SEO plugin. -->","yoast_head_json":{"title":"Acci\u00f3n de Reparaci\u00f3n Directa - Suapoderado","robots":{"index":"index","follow":"follow","max-snippet":"max-snippet:-1","max-image-preview":"max-image-preview:large","max-video-preview":"max-video-preview:-1"},"canonical":"https:\/\/suapoderado.com\/index.php\/2025\/01\/11\/accion-de-reparacion-directa\/","og_locale":"es_ES","og_type":"article","og_title":"Acci\u00f3n de Reparaci\u00f3n Directa - Suapoderado","og_description":"Acci\u00f3n de Reparaci\u00f3n Directa (Art. 140 CPACA) La Acci\u00f3n de Reparaci\u00f3n Directa, regulada en el art\u00edculo 140 del C\u00f3digo de Procedimiento Administrativo y de lo Contencioso Administrativo (CPACA), es un mecanismo esencial para exigir que el Estado asuma responsabilidad por los da\u00f1os causados a los ciudadanos. Este recurso permite reclamar una indemnizaci\u00f3n por perjuicios derivados...","og_url":"https:\/\/suapoderado.com\/index.php\/2025\/01\/11\/accion-de-reparacion-directa\/","og_site_name":"Suapoderado","article_published_time":"2025-01-11T09:05:47+00:00","article_modified_time":"2025-02-10T02:53:59+00:00","author":"mferrerhernandez@suapoderado.com","twitter_card":"summary_large_image","twitter_misc":{"Escrito por":"mferrerhernandez@suapoderado.com","Tiempo de lectura":"3 minutos"},"schema":{"@context":"https:\/\/schema.org","@graph":[{"@type":"Article","@id":"https:\/\/suapoderado.com\/index.php\/2025\/01\/11\/accion-de-reparacion-directa\/#article","isPartOf":{"@id":"https:\/\/suapoderado.com\/index.php\/2025\/01\/11\/accion-de-reparacion-directa\/"},"author":{"name":"mferrerhernandez@suapoderado.com","@id":"https:\/\/suapoderado.com\/#\/schema\/person\/cfffd57ddb2b4ab35950b27d9a38240b"},"headline":"Acci\u00f3n de Reparaci\u00f3n Directa","datePublished":"2025-01-11T09:05:47+00:00","dateModified":"2025-02-10T02:53:59+00:00","mainEntityOfPage":{"@id":"https:\/\/suapoderado.com\/index.php\/2025\/01\/11\/accion-de-reparacion-directa\/"},"wordCount":673,"commentCount":0,"publisher":{"@id":"https:\/\/suapoderado.com\/#organization"},"articleSection":["Derecho de Familia"],"inLanguage":"es-CO","potentialAction":[{"@type":"CommentAction","name":"Comment","target":["https:\/\/suapoderado.com\/index.php\/2025\/01\/11\/accion-de-reparacion-directa\/#respond"]}]},{"@type":"WebPage","@id":"https:\/\/suapoderado.com\/index.php\/2025\/01\/11\/accion-de-reparacion-directa\/","url":"https:\/\/suapoderado.com\/index.php\/2025\/01\/11\/accion-de-reparacion-directa\/","name":"Acci\u00f3n de Reparaci\u00f3n Directa - Suapoderado","isPartOf":{"@id":"https:\/\/suapoderado.com\/#website"},"datePublished":"2025-01-11T09:05:47+00:00","dateModified":"2025-02-10T02:53:59+00:00","breadcrumb":{"@id":"https:\/\/suapoderado.com\/index.php\/2025\/01\/11\/accion-de-reparacion-directa\/#breadcrumb"},"inLanguage":"es-CO","potentialAction":[{"@type":"ReadAction","target":["https:\/\/suapoderado.com\/index.php\/2025\/01\/11\/accion-de-reparacion-directa\/"]}]},{"@type":"BreadcrumbList","@id":"https:\/\/suapoderado.com\/index.php\/2025\/01\/11\/accion-de-reparacion-directa\/#breadcrumb","itemListElement":[{"@type":"ListItem","position":1,"name":"Inicio","item":"https:\/\/suapoderado.com\/"},{"@type":"ListItem","position":2,"name":"Acci\u00f3n de Reparaci\u00f3n Directa"}]},{"@type":"WebSite","@id":"https:\/\/suapoderado.com\/#website","url":"https:\/\/suapoderado.com\/","name":"Suapoderado","description":"Ferrer &amp; Hern\u00e1ndez Abogados","publisher":{"@id":"https:\/\/suapoderado.com\/#organization"},"potentialAction":[{"@type":"SearchAction","target":{"@type":"EntryPoint","urlTemplate":"https:\/\/suapoderado.com\/?s={search_term_string}"},"query-input":{"@type":"PropertyValueSpecification","valueRequired":true,"valueName":"search_term_string"}}],"inLanguage":"es-CO"},{"@type":"Organization","@id":"https:\/\/suapoderado.com\/#organization","name":"Suapoderado","alternateName":"Ferrer & Hernandez Abogados","url":"https:\/\/suapoderado.com\/","logo":{"@type":"ImageObject","inLanguage":"es-CO","@id":"https:\/\/suapoderado.com\/#\/schema\/logo\/image\/","url":"http:\/\/www.suapoderado.com\/wp-content\/uploads\/2025\/02\/favicon_suapoderado_final_48x48.png","contentUrl":"http:\/\/www.suapoderado.com\/wp-content\/uploads\/2025\/02\/favicon_suapoderado_final_48x48.png","width":48,"height":48,"caption":"Suapoderado"},"image":{"@id":"https:\/\/suapoderado.com\/#\/schema\/logo\/image\/"}},{"@type":"Person","@id":"https:\/\/suapoderado.com\/#\/schema\/person\/cfffd57ddb2b4ab35950b27d9a38240b","name":"mferrerhernandez@suapoderado.com","image":{"@type":"ImageObject","inLanguage":"es-CO","@id":"https:\/\/suapoderado.com\/#\/schema\/person\/image\/","url":"https:\/\/secure.gravatar.com\/avatar\/81d200cdcda114b1b55f13aa2898eb27?s=96&d=mm&r=g","contentUrl":"https:\/\/secure.gravatar.com\/avatar\/81d200cdcda114b1b55f13aa2898eb27?s=96&d=mm&r=g","caption":"mferrerhernandez@suapoderado.com"},"sameAs":["http:\/\/wwww.suapoderado.com"],"url":"https:\/\/suapoderado.com\/index.php\/author\/mferrerhernandezhotmail-com\/"}]}},"_links":{"self":[{"href":"https:\/\/suapoderado.com\/index.php\/wp-json\/wp\/v2\/posts\/2710","targetHints":{"allow":["GET"]}}],"collection":[{"href":"https:\/\/suapoderado.com\/index.php\/wp-json\/wp\/v2\/posts"}],"about":[{"href":"https:\/\/suapoderado.com\/index.php\/wp-json\/wp\/v2\/types\/post"}],"author":[{"embeddable":true,"href":"https:\/\/suapoderado.com\/index.php\/wp-json\/wp\/v2\/users\/1"}],"replies":[{"embeddable":true,"href":"https:\/\/suapoderado.com\/index.php\/wp-json\/wp\/v2\/comments?post=2710"}],"version-history":[{"count":1,"href":"https:\/\/suapoderado.com\/index.php\/wp-json\/wp\/v2\/posts\/2710\/revisions"}],"predecessor-version":[{"id":2711,"href":"https:\/\/suapoderado.com\/index.php\/wp-json\/wp\/v2\/posts\/2710\/revisions\/2711"}],"wp:attachment":[{"href":"https:\/\/suapoderado.com\/index.php\/wp-json\/wp\/v2\/media?parent=2710"}],"wp:term":[{"taxonomy":"category","embeddable":true,"href":"https:\/\/suapoderado.com\/index.php\/wp-json\/wp\/v2\/categories?post=2710"},{"taxonomy":"post_tag","embeddable":true,"href":"https:\/\/suapoderado.com\/index.php\/wp-json\/wp\/v2\/tags?post=2710"}],"curies":[{"name":"wp","href":"https:\/\/api.w.org\/{rel}","templated":true}]}}