{"id":2785,"date":"2025-01-14T23:21:08","date_gmt":"2025-01-14T23:21:08","guid":{"rendered":"https:\/\/www.suapoderado.com\/?p=2785"},"modified":"2025-01-31T02:40:06","modified_gmt":"2025-01-31T02:40:06","slug":"corte-suprema-de-justicia-unifica-criterio-sobre-pension-de-sobrevivientes-ahora-exige-5-anos-de-convivencia","status":"publish","type":"post","link":"https:\/\/suapoderado.com\/index.php\/2025\/01\/14\/corte-suprema-de-justicia-unifica-criterio-sobre-pension-de-sobrevivientes-ahora-exige-5-anos-de-convivencia\/","title":{"rendered":"Corte Suprema de Justicia unifica criterio sobre pensi\u00f3n de sobrevivientes: ahora exige 5 a\u00f1os de convivencia"},"content":{"rendered":"\n<p>En un fallo hist\u00f3rico, la Sala de Casaci\u00f3n Laboral de la Corte Suprema de Justicia ha modificado su postura respecto al acceso a la pensi\u00f3n de sobrevivientes, estableciendo que tanto los c\u00f3nyuges como los compa\u00f1eros(as) permanentes de afiliados y pensionados deber\u00e1n acreditar un m\u00ednimo de 5 a\u00f1os de convivencia previa al fallecimiento del causante.<\/p>\n\n\n\n<h4 class=\"wp-block-heading\"><strong>Unificaci\u00f3n del criterio: un cambio significativo<\/strong><\/h4>\n\n\n\n<p>Anteriormente, la exigencia de 5 a\u00f1os de convivencia se aplicaba \u00fanicamente en caso de muerte de un pensionado. Sin embargo, con esta nueva decisi\u00f3n, el requisito tambi\u00e9n se extiende a los afiliados al sistema pensional, con el prop\u00f3sito de garantizar equidad en el acceso a esta prestaci\u00f3n. Seg\u00fan la Sala, el legislador no distingui\u00f3 entre ambos casos al establecer el requisito en situaciones de convivencia simult\u00e1nea.<\/p>\n\n\n\n<h4 class=\"wp-block-heading\"><strong>Motivaciones detr\u00e1s de la decisi\u00f3n<\/strong><\/h4>\n\n\n\n<p>La Corte argumenta que la unificaci\u00f3n busca evitar posibles fraudes al sistema pensional y promover el principio de igualdad entre los beneficiarios de la pensi\u00f3n de sobrevivientes. Adem\u00e1s, se pretende impedir la formaci\u00f3n de uniones de \u00faltima hora motivadas exclusivamente por intereses econ\u00f3micos.<\/p>\n\n\n\n<h4 class=\"wp-block-heading\"><strong>Un caso emblem\u00e1tico como detonante<\/strong><\/h4>\n\n\n\n<p>El cambio jurisprudencial surgi\u00f3 a ra\u00edz de un caso de convivencia simult\u00e1nea, en el que dos mujeres reclamaban la pensi\u00f3n de sobrevivientes de su fallecido compa\u00f1ero. Aunque la Sala ratific\u00f3 el derecho de ambas mujeres a la pensi\u00f3n, utiliz\u00f3 la oportunidad para unificar el criterio sobre el tiempo m\u00ednimo de convivencia requerido.<\/p>\n\n\n\n<h4 class=\"wp-block-heading\"><strong>Impacto para los beneficiarios<\/strong><\/h4>\n\n\n\n<p>Este nuevo lineamiento implica que todas las personas que busquen acceder a la pensi\u00f3n de sobrevivientes deber\u00e1n acreditar los 5 a\u00f1os de convivencia, independientemente de la condici\u00f3n del causante (afiliado o pensionado) al momento de su fallecimiento. La decisi\u00f3n subraya la importancia de garantizar que la prestaci\u00f3n llegue a quienes realmente la necesitan y cumplen con los requisitos establecidos.<\/p>\n\n\n\n<h4 class=\"wp-block-heading\"><strong>\u00bfQu\u00e9 significa esto para la seguridad social?<\/strong><\/h4>\n\n\n\n<p>El fallo representa un esfuerzo por fortalecer el sistema de seguridad social y combatir posibles abusos. No obstante, tambi\u00e9n plantea retos para quienes puedan tener dificultades para acreditar el tiempo de convivencia exigido. Por ello, expertos recomiendan buscar asesor\u00eda legal para entender las implicaciones de este cambio en casos particulares.<\/p>\n\n\n\n<p>Con este fallo, la Corte Suprema de Justicia reafirma su compromiso con la equidad y la transparencia en el acceso a las prestaciones sociales, marcando un precedente que impactar\u00e1 de manera significativa el \u00e1mbito de la seguridad social en el pa\u00eds.<\/p>\n\n\n\n<p><\/p>\n","protected":false},"excerpt":{"rendered":"<p>En un fallo hist\u00f3rico, la Sala de Casaci\u00f3n Laboral de la Corte Suprema de Justicia ha modificado su postura respecto al acceso a la pensi\u00f3n de sobrevivientes, estableciendo que tanto los c\u00f3nyuges como los compa\u00f1eros(as) permanentes de afiliados y pensionados deber\u00e1n acreditar un m\u00ednimo de 5 a\u00f1os de convivencia previa al fallecimiento del causante. Unificaci\u00f3n&#8230;<\/p>\n","protected":false},"author":1,"featured_media":0,"comment_status":"open","ping_status":"open","sticky":false,"template":"","format":"standard","meta":{"_kadence_starter_templates_imported_post":false,"_kad_post_transparent":"","_kad_post_title":"","_kad_post_layout":"","_kad_post_sidebar_id":"","_kad_post_content_style":"","_kad_post_vertical_padding":"","_kad_post_feature":"","_kad_post_feature_position":"","_kad_post_header":false,"_kad_post_footer":false,"footnotes":""},"categories":[5],"tags":[],"class_list":["post-2785","post","type-post","status-publish","format-standard","hentry","category-derecho-laboral"],"yoast_head":"<!-- This site is optimized with the Yoast SEO plugin v24.6 - https:\/\/yoast.com\/wordpress\/plugins\/seo\/ -->\n<title>Corte Suprema de Justicia unifica criterio sobre pensi\u00f3n de sobrevivientes: ahora exige 5 a\u00f1os de convivencia - Suapoderado<\/title>\n<meta name=\"robots\" content=\"index, follow, max-snippet:-1, max-image-preview:large, max-video-preview:-1\" \/>\n<link rel=\"canonical\" href=\"https:\/\/suapoderado.com\/index.php\/2025\/01\/14\/corte-suprema-de-justicia-unifica-criterio-sobre-pension-de-sobrevivientes-ahora-exige-5-anos-de-convivencia\/\" \/>\n<meta property=\"og:locale\" content=\"es_ES\" \/>\n<meta property=\"og:type\" content=\"article\" \/>\n<meta property=\"og:title\" content=\"Corte Suprema de Justicia unifica criterio sobre pensi\u00f3n de sobrevivientes: ahora exige 5 a\u00f1os de convivencia - Suapoderado\" \/>\n<meta property=\"og:description\" content=\"En un fallo hist\u00f3rico, la Sala de Casaci\u00f3n Laboral de la Corte Suprema de Justicia ha modificado su postura respecto al acceso a la pensi\u00f3n de sobrevivientes, estableciendo que tanto los c\u00f3nyuges como los compa\u00f1eros(as) permanentes de afiliados y pensionados deber\u00e1n acreditar un m\u00ednimo de 5 a\u00f1os de convivencia previa al fallecimiento del causante. Unificaci\u00f3n...\" \/>\n<meta property=\"og:url\" content=\"https:\/\/suapoderado.com\/index.php\/2025\/01\/14\/corte-suprema-de-justicia-unifica-criterio-sobre-pension-de-sobrevivientes-ahora-exige-5-anos-de-convivencia\/\" \/>\n<meta property=\"og:site_name\" content=\"Suapoderado\" \/>\n<meta property=\"article:published_time\" content=\"2025-01-14T23:21:08+00:00\" \/>\n<meta property=\"article:modified_time\" content=\"2025-01-31T02:40:06+00:00\" \/>\n<meta name=\"author\" content=\"mferrerhernandez@suapoderado.com\" \/>\n<meta name=\"twitter:card\" content=\"summary_large_image\" \/>\n<meta name=\"twitter:label1\" content=\"Escrito por\" \/>\n\t<meta name=\"twitter:data1\" content=\"mferrerhernandez@suapoderado.com\" \/>\n\t<meta name=\"twitter:label2\" content=\"Tiempo de lectura\" \/>\n\t<meta name=\"twitter:data2\" content=\"2 minutos\" \/>\n<script type=\"application\/ld+json\" class=\"yoast-schema-graph\">{\"@context\":\"https:\/\/schema.org\",\"@graph\":[{\"@type\":\"Article\",\"@id\":\"https:\/\/suapoderado.com\/index.php\/2025\/01\/14\/corte-suprema-de-justicia-unifica-criterio-sobre-pension-de-sobrevivientes-ahora-exige-5-anos-de-convivencia\/#article\",\"isPartOf\":{\"@id\":\"https:\/\/suapoderado.com\/index.php\/2025\/01\/14\/corte-suprema-de-justicia-unifica-criterio-sobre-pension-de-sobrevivientes-ahora-exige-5-anos-de-convivencia\/\"},\"author\":{\"name\":\"mferrerhernandez@suapoderado.com\",\"@id\":\"https:\/\/suapoderado.com\/#\/schema\/person\/cfffd57ddb2b4ab35950b27d9a38240b\"},\"headline\":\"Corte Suprema de Justicia unifica criterio sobre pensi\u00f3n de sobrevivientes: ahora exige 5 a\u00f1os de convivencia\",\"datePublished\":\"2025-01-14T23:21:08+00:00\",\"dateModified\":\"2025-01-31T02:40:06+00:00\",\"mainEntityOfPage\":{\"@id\":\"https:\/\/suapoderado.com\/index.php\/2025\/01\/14\/corte-suprema-de-justicia-unifica-criterio-sobre-pension-de-sobrevivientes-ahora-exige-5-anos-de-convivencia\/\"},\"wordCount\":446,\"commentCount\":0,\"publisher\":{\"@id\":\"https:\/\/suapoderado.com\/#organization\"},\"articleSection\":[\"Derecho Laboral\"],\"inLanguage\":\"es-CO\",\"potentialAction\":[{\"@type\":\"CommentAction\",\"name\":\"Comment\",\"target\":[\"https:\/\/suapoderado.com\/index.php\/2025\/01\/14\/corte-suprema-de-justicia-unifica-criterio-sobre-pension-de-sobrevivientes-ahora-exige-5-anos-de-convivencia\/#respond\"]}]},{\"@type\":\"WebPage\",\"@id\":\"https:\/\/suapoderado.com\/index.php\/2025\/01\/14\/corte-suprema-de-justicia-unifica-criterio-sobre-pension-de-sobrevivientes-ahora-exige-5-anos-de-convivencia\/\",\"url\":\"https:\/\/suapoderado.com\/index.php\/2025\/01\/14\/corte-suprema-de-justicia-unifica-criterio-sobre-pension-de-sobrevivientes-ahora-exige-5-anos-de-convivencia\/\",\"name\":\"Corte Suprema de Justicia unifica criterio sobre pensi\u00f3n de sobrevivientes: ahora exige 5 a\u00f1os de convivencia - Suapoderado\",\"isPartOf\":{\"@id\":\"https:\/\/suapoderado.com\/#website\"},\"datePublished\":\"2025-01-14T23:21:08+00:00\",\"dateModified\":\"2025-01-31T02:40:06+00:00\",\"breadcrumb\":{\"@id\":\"https:\/\/suapoderado.com\/index.php\/2025\/01\/14\/corte-suprema-de-justicia-unifica-criterio-sobre-pension-de-sobrevivientes-ahora-exige-5-anos-de-convivencia\/#breadcrumb\"},\"inLanguage\":\"es-CO\",\"potentialAction\":[{\"@type\":\"ReadAction\",\"target\":[\"https:\/\/suapoderado.com\/index.php\/2025\/01\/14\/corte-suprema-de-justicia-unifica-criterio-sobre-pension-de-sobrevivientes-ahora-exige-5-anos-de-convivencia\/\"]}]},{\"@type\":\"BreadcrumbList\",\"@id\":\"https:\/\/suapoderado.com\/index.php\/2025\/01\/14\/corte-suprema-de-justicia-unifica-criterio-sobre-pension-de-sobrevivientes-ahora-exige-5-anos-de-convivencia\/#breadcrumb\",\"itemListElement\":[{\"@type\":\"ListItem\",\"position\":1,\"name\":\"Inicio\",\"item\":\"https:\/\/suapoderado.com\/\"},{\"@type\":\"ListItem\",\"position\":2,\"name\":\"Corte Suprema de Justicia unifica criterio sobre pensi\u00f3n de sobrevivientes: ahora exige 5 a\u00f1os de convivencia\"}]},{\"@type\":\"WebSite\",\"@id\":\"https:\/\/suapoderado.com\/#website\",\"url\":\"https:\/\/suapoderado.com\/\",\"name\":\"Suapoderado\",\"description\":\"Ferrer &amp; Hern\u00e1ndez Abogados\",\"publisher\":{\"@id\":\"https:\/\/suapoderado.com\/#organization\"},\"potentialAction\":[{\"@type\":\"SearchAction\",\"target\":{\"@type\":\"EntryPoint\",\"urlTemplate\":\"https:\/\/suapoderado.com\/?s={search_term_string}\"},\"query-input\":{\"@type\":\"PropertyValueSpecification\",\"valueRequired\":true,\"valueName\":\"search_term_string\"}}],\"inLanguage\":\"es-CO\"},{\"@type\":\"Organization\",\"@id\":\"https:\/\/suapoderado.com\/#organization\",\"name\":\"Suapoderado\",\"alternateName\":\"Ferrer & Hernandez Abogados\",\"url\":\"https:\/\/suapoderado.com\/\",\"logo\":{\"@type\":\"ImageObject\",\"inLanguage\":\"es-CO\",\"@id\":\"https:\/\/suapoderado.com\/#\/schema\/logo\/image\/\",\"url\":\"http:\/\/www.suapoderado.com\/wp-content\/uploads\/2025\/02\/favicon_suapoderado_final_48x48.png\",\"contentUrl\":\"http:\/\/www.suapoderado.com\/wp-content\/uploads\/2025\/02\/favicon_suapoderado_final_48x48.png\",\"width\":48,\"height\":48,\"caption\":\"Suapoderado\"},\"image\":{\"@id\":\"https:\/\/suapoderado.com\/#\/schema\/logo\/image\/\"}},{\"@type\":\"Person\",\"@id\":\"https:\/\/suapoderado.com\/#\/schema\/person\/cfffd57ddb2b4ab35950b27d9a38240b\",\"name\":\"mferrerhernandez@suapoderado.com\",\"image\":{\"@type\":\"ImageObject\",\"inLanguage\":\"es-CO\",\"@id\":\"https:\/\/suapoderado.com\/#\/schema\/person\/image\/\",\"url\":\"https:\/\/secure.gravatar.com\/avatar\/81d200cdcda114b1b55f13aa2898eb27?s=96&d=mm&r=g\",\"contentUrl\":\"https:\/\/secure.gravatar.com\/avatar\/81d200cdcda114b1b55f13aa2898eb27?s=96&d=mm&r=g\",\"caption\":\"mferrerhernandez@suapoderado.com\"},\"sameAs\":[\"http:\/\/wwww.suapoderado.com\"],\"url\":\"https:\/\/suapoderado.com\/index.php\/author\/mferrerhernandezhotmail-com\/\"}]}<\/script>\n<!-- \/ Yoast SEO plugin. -->","yoast_head_json":{"title":"Corte Suprema de Justicia unifica criterio sobre pensi\u00f3n de sobrevivientes: ahora exige 5 a\u00f1os de convivencia - Suapoderado","robots":{"index":"index","follow":"follow","max-snippet":"max-snippet:-1","max-image-preview":"max-image-preview:large","max-video-preview":"max-video-preview:-1"},"canonical":"https:\/\/suapoderado.com\/index.php\/2025\/01\/14\/corte-suprema-de-justicia-unifica-criterio-sobre-pension-de-sobrevivientes-ahora-exige-5-anos-de-convivencia\/","og_locale":"es_ES","og_type":"article","og_title":"Corte Suprema de Justicia unifica criterio sobre pensi\u00f3n de sobrevivientes: ahora exige 5 a\u00f1os de convivencia - Suapoderado","og_description":"En un fallo hist\u00f3rico, la Sala de Casaci\u00f3n Laboral de la Corte Suprema de Justicia ha modificado su postura respecto al acceso a la pensi\u00f3n de sobrevivientes, estableciendo que tanto los c\u00f3nyuges como los compa\u00f1eros(as) permanentes de afiliados y pensionados deber\u00e1n acreditar un m\u00ednimo de 5 a\u00f1os de convivencia previa al fallecimiento del causante. Unificaci\u00f3n...","og_url":"https:\/\/suapoderado.com\/index.php\/2025\/01\/14\/corte-suprema-de-justicia-unifica-criterio-sobre-pension-de-sobrevivientes-ahora-exige-5-anos-de-convivencia\/","og_site_name":"Suapoderado","article_published_time":"2025-01-14T23:21:08+00:00","article_modified_time":"2025-01-31T02:40:06+00:00","author":"mferrerhernandez@suapoderado.com","twitter_card":"summary_large_image","twitter_misc":{"Escrito por":"mferrerhernandez@suapoderado.com","Tiempo de lectura":"2 minutos"},"schema":{"@context":"https:\/\/schema.org","@graph":[{"@type":"Article","@id":"https:\/\/suapoderado.com\/index.php\/2025\/01\/14\/corte-suprema-de-justicia-unifica-criterio-sobre-pension-de-sobrevivientes-ahora-exige-5-anos-de-convivencia\/#article","isPartOf":{"@id":"https:\/\/suapoderado.com\/index.php\/2025\/01\/14\/corte-suprema-de-justicia-unifica-criterio-sobre-pension-de-sobrevivientes-ahora-exige-5-anos-de-convivencia\/"},"author":{"name":"mferrerhernandez@suapoderado.com","@id":"https:\/\/suapoderado.com\/#\/schema\/person\/cfffd57ddb2b4ab35950b27d9a38240b"},"headline":"Corte Suprema de Justicia unifica criterio sobre pensi\u00f3n de sobrevivientes: ahora exige 5 a\u00f1os de convivencia","datePublished":"2025-01-14T23:21:08+00:00","dateModified":"2025-01-31T02:40:06+00:00","mainEntityOfPage":{"@id":"https:\/\/suapoderado.com\/index.php\/2025\/01\/14\/corte-suprema-de-justicia-unifica-criterio-sobre-pension-de-sobrevivientes-ahora-exige-5-anos-de-convivencia\/"},"wordCount":446,"commentCount":0,"publisher":{"@id":"https:\/\/suapoderado.com\/#organization"},"articleSection":["Derecho Laboral"],"inLanguage":"es-CO","potentialAction":[{"@type":"CommentAction","name":"Comment","target":["https:\/\/suapoderado.com\/index.php\/2025\/01\/14\/corte-suprema-de-justicia-unifica-criterio-sobre-pension-de-sobrevivientes-ahora-exige-5-anos-de-convivencia\/#respond"]}]},{"@type":"WebPage","@id":"https:\/\/suapoderado.com\/index.php\/2025\/01\/14\/corte-suprema-de-justicia-unifica-criterio-sobre-pension-de-sobrevivientes-ahora-exige-5-anos-de-convivencia\/","url":"https:\/\/suapoderado.com\/index.php\/2025\/01\/14\/corte-suprema-de-justicia-unifica-criterio-sobre-pension-de-sobrevivientes-ahora-exige-5-anos-de-convivencia\/","name":"Corte Suprema de Justicia unifica criterio sobre pensi\u00f3n de sobrevivientes: ahora exige 5 a\u00f1os de convivencia - Suapoderado","isPartOf":{"@id":"https:\/\/suapoderado.com\/#website"},"datePublished":"2025-01-14T23:21:08+00:00","dateModified":"2025-01-31T02:40:06+00:00","breadcrumb":{"@id":"https:\/\/suapoderado.com\/index.php\/2025\/01\/14\/corte-suprema-de-justicia-unifica-criterio-sobre-pension-de-sobrevivientes-ahora-exige-5-anos-de-convivencia\/#breadcrumb"},"inLanguage":"es-CO","potentialAction":[{"@type":"ReadAction","target":["https:\/\/suapoderado.com\/index.php\/2025\/01\/14\/corte-suprema-de-justicia-unifica-criterio-sobre-pension-de-sobrevivientes-ahora-exige-5-anos-de-convivencia\/"]}]},{"@type":"BreadcrumbList","@id":"https:\/\/suapoderado.com\/index.php\/2025\/01\/14\/corte-suprema-de-justicia-unifica-criterio-sobre-pension-de-sobrevivientes-ahora-exige-5-anos-de-convivencia\/#breadcrumb","itemListElement":[{"@type":"ListItem","position":1,"name":"Inicio","item":"https:\/\/suapoderado.com\/"},{"@type":"ListItem","position":2,"name":"Corte Suprema de Justicia unifica criterio sobre pensi\u00f3n de sobrevivientes: ahora exige 5 a\u00f1os de convivencia"}]},{"@type":"WebSite","@id":"https:\/\/suapoderado.com\/#website","url":"https:\/\/suapoderado.com\/","name":"Suapoderado","description":"Ferrer &amp; Hern\u00e1ndez Abogados","publisher":{"@id":"https:\/\/suapoderado.com\/#organization"},"potentialAction":[{"@type":"SearchAction","target":{"@type":"EntryPoint","urlTemplate":"https:\/\/suapoderado.com\/?s={search_term_string}"},"query-input":{"@type":"PropertyValueSpecification","valueRequired":true,"valueName":"search_term_string"}}],"inLanguage":"es-CO"},{"@type":"Organization","@id":"https:\/\/suapoderado.com\/#organization","name":"Suapoderado","alternateName":"Ferrer & Hernandez Abogados","url":"https:\/\/suapoderado.com\/","logo":{"@type":"ImageObject","inLanguage":"es-CO","@id":"https:\/\/suapoderado.com\/#\/schema\/logo\/image\/","url":"http:\/\/www.suapoderado.com\/wp-content\/uploads\/2025\/02\/favicon_suapoderado_final_48x48.png","contentUrl":"http:\/\/www.suapoderado.com\/wp-content\/uploads\/2025\/02\/favicon_suapoderado_final_48x48.png","width":48,"height":48,"caption":"Suapoderado"},"image":{"@id":"https:\/\/suapoderado.com\/#\/schema\/logo\/image\/"}},{"@type":"Person","@id":"https:\/\/suapoderado.com\/#\/schema\/person\/cfffd57ddb2b4ab35950b27d9a38240b","name":"mferrerhernandez@suapoderado.com","image":{"@type":"ImageObject","inLanguage":"es-CO","@id":"https:\/\/suapoderado.com\/#\/schema\/person\/image\/","url":"https:\/\/secure.gravatar.com\/avatar\/81d200cdcda114b1b55f13aa2898eb27?s=96&d=mm&r=g","contentUrl":"https:\/\/secure.gravatar.com\/avatar\/81d200cdcda114b1b55f13aa2898eb27?s=96&d=mm&r=g","caption":"mferrerhernandez@suapoderado.com"},"sameAs":["http:\/\/wwww.suapoderado.com"],"url":"https:\/\/suapoderado.com\/index.php\/author\/mferrerhernandezhotmail-com\/"}]}},"_links":{"self":[{"href":"https:\/\/suapoderado.com\/index.php\/wp-json\/wp\/v2\/posts\/2785","targetHints":{"allow":["GET"]}}],"collection":[{"href":"https:\/\/suapoderado.com\/index.php\/wp-json\/wp\/v2\/posts"}],"about":[{"href":"https:\/\/suapoderado.com\/index.php\/wp-json\/wp\/v2\/types\/post"}],"author":[{"embeddable":true,"href":"https:\/\/suapoderado.com\/index.php\/wp-json\/wp\/v2\/users\/1"}],"replies":[{"embeddable":true,"href":"https:\/\/suapoderado.com\/index.php\/wp-json\/wp\/v2\/comments?post=2785"}],"version-history":[{"count":1,"href":"https:\/\/suapoderado.com\/index.php\/wp-json\/wp\/v2\/posts\/2785\/revisions"}],"predecessor-version":[{"id":2786,"href":"https:\/\/suapoderado.com\/index.php\/wp-json\/wp\/v2\/posts\/2785\/revisions\/2786"}],"wp:attachment":[{"href":"https:\/\/suapoderado.com\/index.php\/wp-json\/wp\/v2\/media?parent=2785"}],"wp:term":[{"taxonomy":"category","embeddable":true,"href":"https:\/\/suapoderado.com\/index.php\/wp-json\/wp\/v2\/categories?post=2785"},{"taxonomy":"post_tag","embeddable":true,"href":"https:\/\/suapoderado.com\/index.php\/wp-json\/wp\/v2\/tags?post=2785"}],"curies":[{"name":"wp","href":"https:\/\/api.w.org\/{rel}","templated":true}]}}