{"id":2817,"date":"2025-01-15T10:02:32","date_gmt":"2025-01-15T10:02:32","guid":{"rendered":"https:\/\/www.suapoderado.com\/?p=2817"},"modified":"2025-01-31T02:39:34","modified_gmt":"2025-01-31T02:39:34","slug":"2817","status":"publish","type":"post","link":"https:\/\/suapoderado.com\/index.php\/2025\/01\/15\/2817\/","title":{"rendered":"Derechos laborales de futbolistas"},"content":{"rendered":"\n<h3 class=\"wp-block-heading\"><strong>Sentencia de la Corte Constitucional sobre los derechos laborales de futbolistas<\/strong><\/h3>\n\n\n\n<div class=\"wp-block-media-text is-stacked-on-mobile\"><figure class=\"wp-block-media-text__media\"><img fetchpriority=\"high\" decoding=\"async\" width=\"1024\" height=\"1024\" src=\"https:\/\/www.suapoderado.com\/wp-content\/uploads\/2025\/01\/DALL\u00b7E-2025-01-15-05.13.48-A-realistic-and-natural-colored-illustration-of-a-professional-football-player-holding-a-soccer-ball-standing-confidently-in-front-of-a-courthouse.-T.webp\" alt=\"\" class=\"wp-image-2825 size-full\" srcset=\"https:\/\/suapoderado.com\/wp-content\/uploads\/2025\/01\/DALL\u00b7E-2025-01-15-05.13.48-A-realistic-and-natural-colored-illustration-of-a-professional-football-player-holding-a-soccer-ball-standing-confidently-in-front-of-a-courthouse.-T.webp 1024w, https:\/\/suapoderado.com\/wp-content\/uploads\/2025\/01\/DALL\u00b7E-2025-01-15-05.13.48-A-realistic-and-natural-colored-illustration-of-a-professional-football-player-holding-a-soccer-ball-standing-confidently-in-front-of-a-courthouse.-T-300x300.webp 300w, https:\/\/suapoderado.com\/wp-content\/uploads\/2025\/01\/DALL\u00b7E-2025-01-15-05.13.48-A-realistic-and-natural-colored-illustration-of-a-professional-football-player-holding-a-soccer-ball-standing-confidently-in-front-of-a-courthouse.-T-150x150.webp 150w, https:\/\/suapoderado.com\/wp-content\/uploads\/2025\/01\/DALL\u00b7E-2025-01-15-05.13.48-A-realistic-and-natural-colored-illustration-of-a-professional-football-player-holding-a-soccer-ball-standing-confidently-in-front-of-a-courthouse.-T-768x768.webp 768w\" sizes=\"(max-width: 1024px) 100vw, 1024px\" \/><\/figure><div class=\"wp-block-media-text__content\">\n<h4 class=\"wp-block-heading\"><strong>Protecci\u00f3n laboral de los futbolistas en Colombia<\/strong><\/h4>\n\n\n\n<p>En un fallo hist\u00f3rico, la Corte Constitucional de Colombia reafirm\u00f3 la necesidad de garantizar los derechos laborales de los futbolistas profesionales, al tiempo que destac\u00f3 la complejidad de su situaci\u00f3n laboral debido a la naturaleza de su profesi\u00f3n. La sentencia SU-396\/24, emitida recientemente, resolvi\u00f3 el caso de un futbolista que demand\u00f3 a su club por despido injustificado mientras enfrentaba las secuelas de un accidente laboral.<\/p>\n\n\n\n<p><\/p>\n\n\n\n<p><\/p>\n\n\n\n<p>El caso inici\u00f3 en 2014 cuando el club termin\u00f3 unilateralmente el contrato de un jugador que a\u00fan se encontraba en recuperaci\u00f3n tras sufrir una luxofractura en el pie izquierdo. Aunque el deportista fue reintegrado brevemente tras una acci\u00f3n de tutela, el contrato fue nuevamente finalizado en 2017, lo que llev\u00f3 al jugador a iniciar un proceso laboral ordinario. Las decisiones de las instancias iniciales no favorecieron al trabajador, pero un recurso de casaci\u00f3n modific\u00f3 este panorama, reconociendo la vulneraci\u00f3n de la estabilidad laboral reforzada.<\/p>\n<\/div><\/div>\n\n\n\n<p>La Corte Constitucional concluy\u00f3 que la Sala de Descongesti\u00f3n de la Corte Suprema de Justicia cometi\u00f3 un defecto sustantivo al ordenar el reintegro del jugador sin considerar las condiciones espec\u00edficas de los futbolistas profesionales. La decisi\u00f3n subray\u00f3 que la pr\u00e1ctica deportiva de alto rendimiento requiere un an\u00e1lisis detallado de compatibilidad entre las condiciones f\u00edsicas del trabajador y las exigencias de la actividad competitiva.<\/p>\n\n\n\n<p>Adem\u00e1s de proteger el derecho al debido proceso del club, la Corte exhort\u00f3 al Congreso de la Rep\u00fablica y al Gobierno Nacional a regular de manera integral los derechos laborales de los deportistas profesionales. Este llamado busca establecer normas claras que equilibren la protecci\u00f3n de los trabajadores y las responsabilidades de los empleadores, considerando las particularidades de esta profesi\u00f3n, como los altos riesgos de lesiones y la corta duraci\u00f3n de la carrera deportiva.<\/p>\n\n\n\n<p>Este fallo resalta la importancia de abordar las brechas regulatorias en el deporte profesional y establece un precedente significativo en la protecci\u00f3n de los derechos laborales en Colombia.<\/p>\n\n\n\n<p><\/p>\n","protected":false},"excerpt":{"rendered":"<p>Sentencia de la Corte Constitucional sobre los derechos laborales de futbolistas Protecci\u00f3n laboral de los futbolistas en Colombia En un fallo hist\u00f3rico, la Corte Constitucional de Colombia reafirm\u00f3 la necesidad de garantizar los derechos laborales de los futbolistas profesionales, al tiempo que destac\u00f3 la complejidad de su situaci\u00f3n laboral debido a la naturaleza de su&#8230;<\/p>\n","protected":false},"author":1,"featured_media":0,"comment_status":"open","ping_status":"open","sticky":false,"template":"","format":"standard","meta":{"_kadence_starter_templates_imported_post":false,"_kad_post_transparent":"","_kad_post_title":"","_kad_post_layout":"","_kad_post_sidebar_id":"","_kad_post_content_style":"","_kad_post_vertical_padding":"","_kad_post_feature":"","_kad_post_feature_position":"","_kad_post_header":false,"_kad_post_footer":false,"footnotes":""},"categories":[5],"tags":[],"class_list":["post-2817","post","type-post","status-publish","format-standard","hentry","category-derecho-laboral"],"yoast_head":"<!-- This site is optimized with the Yoast SEO plugin v24.6 - https:\/\/yoast.com\/wordpress\/plugins\/seo\/ -->\n<title>Derechos laborales de futbolistas - Suapoderado<\/title>\n<meta name=\"robots\" content=\"index, follow, max-snippet:-1, max-image-preview:large, max-video-preview:-1\" \/>\n<link rel=\"canonical\" href=\"https:\/\/suapoderado.com\/index.php\/2025\/01\/15\/2817\/\" \/>\n<meta property=\"og:locale\" content=\"es_ES\" \/>\n<meta property=\"og:type\" content=\"article\" \/>\n<meta property=\"og:title\" content=\"Derechos laborales de futbolistas - Suapoderado\" \/>\n<meta property=\"og:description\" content=\"Sentencia de la Corte Constitucional sobre los derechos laborales de futbolistas Protecci\u00f3n laboral de los futbolistas en Colombia En un fallo hist\u00f3rico, la Corte Constitucional de Colombia reafirm\u00f3 la necesidad de garantizar los derechos laborales de los futbolistas profesionales, al tiempo que destac\u00f3 la complejidad de su situaci\u00f3n laboral debido a la naturaleza de su...\" \/>\n<meta property=\"og:url\" content=\"https:\/\/suapoderado.com\/index.php\/2025\/01\/15\/2817\/\" \/>\n<meta property=\"og:site_name\" content=\"Suapoderado\" \/>\n<meta property=\"article:published_time\" content=\"2025-01-15T10:02:32+00:00\" \/>\n<meta property=\"article:modified_time\" content=\"2025-01-31T02:39:34+00:00\" \/>\n<meta name=\"author\" content=\"mferrerhernandez@suapoderado.com\" \/>\n<meta name=\"twitter:card\" content=\"summary_large_image\" \/>\n<meta name=\"twitter:label1\" content=\"Escrito por\" \/>\n\t<meta name=\"twitter:data1\" content=\"mferrerhernandez@suapoderado.com\" \/>\n\t<meta name=\"twitter:label2\" content=\"Tiempo de lectura\" \/>\n\t<meta name=\"twitter:data2\" content=\"2 minutos\" \/>\n<script type=\"application\/ld+json\" class=\"yoast-schema-graph\">{\"@context\":\"https:\/\/schema.org\",\"@graph\":[{\"@type\":\"Article\",\"@id\":\"https:\/\/suapoderado.com\/index.php\/2025\/01\/15\/2817\/#article\",\"isPartOf\":{\"@id\":\"https:\/\/suapoderado.com\/index.php\/2025\/01\/15\/2817\/\"},\"author\":{\"name\":\"mferrerhernandez@suapoderado.com\",\"@id\":\"https:\/\/suapoderado.com\/#\/schema\/person\/cfffd57ddb2b4ab35950b27d9a38240b\"},\"headline\":\"Derechos laborales de futbolistas\",\"datePublished\":\"2025-01-15T10:02:32+00:00\",\"dateModified\":\"2025-01-31T02:39:34+00:00\",\"mainEntityOfPage\":{\"@id\":\"https:\/\/suapoderado.com\/index.php\/2025\/01\/15\/2817\/\"},\"wordCount\":354,\"commentCount\":0,\"publisher\":{\"@id\":\"https:\/\/suapoderado.com\/#organization\"},\"articleSection\":[\"Derecho Laboral\"],\"inLanguage\":\"es-CO\",\"potentialAction\":[{\"@type\":\"CommentAction\",\"name\":\"Comment\",\"target\":[\"https:\/\/suapoderado.com\/index.php\/2025\/01\/15\/2817\/#respond\"]}]},{\"@type\":\"WebPage\",\"@id\":\"https:\/\/suapoderado.com\/index.php\/2025\/01\/15\/2817\/\",\"url\":\"https:\/\/suapoderado.com\/index.php\/2025\/01\/15\/2817\/\",\"name\":\"Derechos laborales de futbolistas - Suapoderado\",\"isPartOf\":{\"@id\":\"https:\/\/suapoderado.com\/#website\"},\"datePublished\":\"2025-01-15T10:02:32+00:00\",\"dateModified\":\"2025-01-31T02:39:34+00:00\",\"breadcrumb\":{\"@id\":\"https:\/\/suapoderado.com\/index.php\/2025\/01\/15\/2817\/#breadcrumb\"},\"inLanguage\":\"es-CO\",\"potentialAction\":[{\"@type\":\"ReadAction\",\"target\":[\"https:\/\/suapoderado.com\/index.php\/2025\/01\/15\/2817\/\"]}]},{\"@type\":\"BreadcrumbList\",\"@id\":\"https:\/\/suapoderado.com\/index.php\/2025\/01\/15\/2817\/#breadcrumb\",\"itemListElement\":[{\"@type\":\"ListItem\",\"position\":1,\"name\":\"Inicio\",\"item\":\"https:\/\/suapoderado.com\/\"},{\"@type\":\"ListItem\",\"position\":2,\"name\":\"Derechos laborales de futbolistas\"}]},{\"@type\":\"WebSite\",\"@id\":\"https:\/\/suapoderado.com\/#website\",\"url\":\"https:\/\/suapoderado.com\/\",\"name\":\"Suapoderado\",\"description\":\"Ferrer &amp; Hern\u00e1ndez Abogados\",\"publisher\":{\"@id\":\"https:\/\/suapoderado.com\/#organization\"},\"potentialAction\":[{\"@type\":\"SearchAction\",\"target\":{\"@type\":\"EntryPoint\",\"urlTemplate\":\"https:\/\/suapoderado.com\/?s={search_term_string}\"},\"query-input\":{\"@type\":\"PropertyValueSpecification\",\"valueRequired\":true,\"valueName\":\"search_term_string\"}}],\"inLanguage\":\"es-CO\"},{\"@type\":\"Organization\",\"@id\":\"https:\/\/suapoderado.com\/#organization\",\"name\":\"Suapoderado\",\"alternateName\":\"Ferrer & Hernandez Abogados\",\"url\":\"https:\/\/suapoderado.com\/\",\"logo\":{\"@type\":\"ImageObject\",\"inLanguage\":\"es-CO\",\"@id\":\"https:\/\/suapoderado.com\/#\/schema\/logo\/image\/\",\"url\":\"http:\/\/www.suapoderado.com\/wp-content\/uploads\/2025\/02\/favicon_suapoderado_final_48x48.png\",\"contentUrl\":\"http:\/\/www.suapoderado.com\/wp-content\/uploads\/2025\/02\/favicon_suapoderado_final_48x48.png\",\"width\":48,\"height\":48,\"caption\":\"Suapoderado\"},\"image\":{\"@id\":\"https:\/\/suapoderado.com\/#\/schema\/logo\/image\/\"}},{\"@type\":\"Person\",\"@id\":\"https:\/\/suapoderado.com\/#\/schema\/person\/cfffd57ddb2b4ab35950b27d9a38240b\",\"name\":\"mferrerhernandez@suapoderado.com\",\"image\":{\"@type\":\"ImageObject\",\"inLanguage\":\"es-CO\",\"@id\":\"https:\/\/suapoderado.com\/#\/schema\/person\/image\/\",\"url\":\"https:\/\/secure.gravatar.com\/avatar\/81d200cdcda114b1b55f13aa2898eb27?s=96&d=mm&r=g\",\"contentUrl\":\"https:\/\/secure.gravatar.com\/avatar\/81d200cdcda114b1b55f13aa2898eb27?s=96&d=mm&r=g\",\"caption\":\"mferrerhernandez@suapoderado.com\"},\"sameAs\":[\"http:\/\/wwww.suapoderado.com\"],\"url\":\"https:\/\/suapoderado.com\/index.php\/author\/mferrerhernandezhotmail-com\/\"}]}<\/script>\n<!-- \/ Yoast SEO plugin. -->","yoast_head_json":{"title":"Derechos laborales de futbolistas - Suapoderado","robots":{"index":"index","follow":"follow","max-snippet":"max-snippet:-1","max-image-preview":"max-image-preview:large","max-video-preview":"max-video-preview:-1"},"canonical":"https:\/\/suapoderado.com\/index.php\/2025\/01\/15\/2817\/","og_locale":"es_ES","og_type":"article","og_title":"Derechos laborales de futbolistas - Suapoderado","og_description":"Sentencia de la Corte Constitucional sobre los derechos laborales de futbolistas Protecci\u00f3n laboral de los futbolistas en Colombia En un fallo hist\u00f3rico, la Corte Constitucional de Colombia reafirm\u00f3 la necesidad de garantizar los derechos laborales de los futbolistas profesionales, al tiempo que destac\u00f3 la complejidad de su situaci\u00f3n laboral debido a la naturaleza de su...","og_url":"https:\/\/suapoderado.com\/index.php\/2025\/01\/15\/2817\/","og_site_name":"Suapoderado","article_published_time":"2025-01-15T10:02:32+00:00","article_modified_time":"2025-01-31T02:39:34+00:00","author":"mferrerhernandez@suapoderado.com","twitter_card":"summary_large_image","twitter_misc":{"Escrito por":"mferrerhernandez@suapoderado.com","Tiempo de lectura":"2 minutos"},"schema":{"@context":"https:\/\/schema.org","@graph":[{"@type":"Article","@id":"https:\/\/suapoderado.com\/index.php\/2025\/01\/15\/2817\/#article","isPartOf":{"@id":"https:\/\/suapoderado.com\/index.php\/2025\/01\/15\/2817\/"},"author":{"name":"mferrerhernandez@suapoderado.com","@id":"https:\/\/suapoderado.com\/#\/schema\/person\/cfffd57ddb2b4ab35950b27d9a38240b"},"headline":"Derechos laborales de futbolistas","datePublished":"2025-01-15T10:02:32+00:00","dateModified":"2025-01-31T02:39:34+00:00","mainEntityOfPage":{"@id":"https:\/\/suapoderado.com\/index.php\/2025\/01\/15\/2817\/"},"wordCount":354,"commentCount":0,"publisher":{"@id":"https:\/\/suapoderado.com\/#organization"},"articleSection":["Derecho Laboral"],"inLanguage":"es-CO","potentialAction":[{"@type":"CommentAction","name":"Comment","target":["https:\/\/suapoderado.com\/index.php\/2025\/01\/15\/2817\/#respond"]}]},{"@type":"WebPage","@id":"https:\/\/suapoderado.com\/index.php\/2025\/01\/15\/2817\/","url":"https:\/\/suapoderado.com\/index.php\/2025\/01\/15\/2817\/","name":"Derechos laborales de futbolistas - Suapoderado","isPartOf":{"@id":"https:\/\/suapoderado.com\/#website"},"datePublished":"2025-01-15T10:02:32+00:00","dateModified":"2025-01-31T02:39:34+00:00","breadcrumb":{"@id":"https:\/\/suapoderado.com\/index.php\/2025\/01\/15\/2817\/#breadcrumb"},"inLanguage":"es-CO","potentialAction":[{"@type":"ReadAction","target":["https:\/\/suapoderado.com\/index.php\/2025\/01\/15\/2817\/"]}]},{"@type":"BreadcrumbList","@id":"https:\/\/suapoderado.com\/index.php\/2025\/01\/15\/2817\/#breadcrumb","itemListElement":[{"@type":"ListItem","position":1,"name":"Inicio","item":"https:\/\/suapoderado.com\/"},{"@type":"ListItem","position":2,"name":"Derechos laborales de futbolistas"}]},{"@type":"WebSite","@id":"https:\/\/suapoderado.com\/#website","url":"https:\/\/suapoderado.com\/","name":"Suapoderado","description":"Ferrer &amp; Hern\u00e1ndez Abogados","publisher":{"@id":"https:\/\/suapoderado.com\/#organization"},"potentialAction":[{"@type":"SearchAction","target":{"@type":"EntryPoint","urlTemplate":"https:\/\/suapoderado.com\/?s={search_term_string}"},"query-input":{"@type":"PropertyValueSpecification","valueRequired":true,"valueName":"search_term_string"}}],"inLanguage":"es-CO"},{"@type":"Organization","@id":"https:\/\/suapoderado.com\/#organization","name":"Suapoderado","alternateName":"Ferrer & Hernandez Abogados","url":"https:\/\/suapoderado.com\/","logo":{"@type":"ImageObject","inLanguage":"es-CO","@id":"https:\/\/suapoderado.com\/#\/schema\/logo\/image\/","url":"http:\/\/www.suapoderado.com\/wp-content\/uploads\/2025\/02\/favicon_suapoderado_final_48x48.png","contentUrl":"http:\/\/www.suapoderado.com\/wp-content\/uploads\/2025\/02\/favicon_suapoderado_final_48x48.png","width":48,"height":48,"caption":"Suapoderado"},"image":{"@id":"https:\/\/suapoderado.com\/#\/schema\/logo\/image\/"}},{"@type":"Person","@id":"https:\/\/suapoderado.com\/#\/schema\/person\/cfffd57ddb2b4ab35950b27d9a38240b","name":"mferrerhernandez@suapoderado.com","image":{"@type":"ImageObject","inLanguage":"es-CO","@id":"https:\/\/suapoderado.com\/#\/schema\/person\/image\/","url":"https:\/\/secure.gravatar.com\/avatar\/81d200cdcda114b1b55f13aa2898eb27?s=96&d=mm&r=g","contentUrl":"https:\/\/secure.gravatar.com\/avatar\/81d200cdcda114b1b55f13aa2898eb27?s=96&d=mm&r=g","caption":"mferrerhernandez@suapoderado.com"},"sameAs":["http:\/\/wwww.suapoderado.com"],"url":"https:\/\/suapoderado.com\/index.php\/author\/mferrerhernandezhotmail-com\/"}]}},"_links":{"self":[{"href":"https:\/\/suapoderado.com\/index.php\/wp-json\/wp\/v2\/posts\/2817","targetHints":{"allow":["GET"]}}],"collection":[{"href":"https:\/\/suapoderado.com\/index.php\/wp-json\/wp\/v2\/posts"}],"about":[{"href":"https:\/\/suapoderado.com\/index.php\/wp-json\/wp\/v2\/types\/post"}],"author":[{"embeddable":true,"href":"https:\/\/suapoderado.com\/index.php\/wp-json\/wp\/v2\/users\/1"}],"replies":[{"embeddable":true,"href":"https:\/\/suapoderado.com\/index.php\/wp-json\/wp\/v2\/comments?post=2817"}],"version-history":[{"count":4,"href":"https:\/\/suapoderado.com\/index.php\/wp-json\/wp\/v2\/posts\/2817\/revisions"}],"predecessor-version":[{"id":2827,"href":"https:\/\/suapoderado.com\/index.php\/wp-json\/wp\/v2\/posts\/2817\/revisions\/2827"}],"wp:attachment":[{"href":"https:\/\/suapoderado.com\/index.php\/wp-json\/wp\/v2\/media?parent=2817"}],"wp:term":[{"taxonomy":"category","embeddable":true,"href":"https:\/\/suapoderado.com\/index.php\/wp-json\/wp\/v2\/categories?post=2817"},{"taxonomy":"post_tag","embeddable":true,"href":"https:\/\/suapoderado.com\/index.php\/wp-json\/wp\/v2\/tags?post=2817"}],"curies":[{"name":"wp","href":"https:\/\/api.w.org\/{rel}","templated":true}]}}