{"id":2841,"date":"2025-01-16T04:00:00","date_gmt":"2025-01-16T04:00:00","guid":{"rendered":"https:\/\/www.suapoderado.com\/?p=2841"},"modified":"2025-01-31T02:39:02","modified_gmt":"2025-01-31T02:39:02","slug":"cuando-la-corte-habla-claro-justicia-para-un-adolecente-victima-de-acoso-escolar","status":"publish","type":"post","link":"https:\/\/suapoderado.com\/index.php\/2025\/01\/16\/cuando-la-corte-habla-claro-justicia-para-un-adolecente-victima-de-acoso-escolar\/","title":{"rendered":"Cuando la Corte Habla Claro: Justicia para un Adolecente V\u00edctima de Acoso Escolar"},"content":{"rendered":"\n<div class=\"wp-block-media-text is-stacked-on-mobile\"><figure class=\"wp-block-media-text__media\"><img fetchpriority=\"high\" decoding=\"async\" width=\"1024\" height=\"1024\" src=\"https:\/\/www.suapoderado.com\/wp-content\/uploads\/2025\/01\/DALL\u00b7E-2025-01-16-04.04.07-A-symbolic-illustration-representing-justice-and-equality-in-education_-A-diverse-group-of-children-of-various-ethnicities-and-appearances-standing-to.webp\" alt=\"\" class=\"wp-image-2842 size-full\" srcset=\"https:\/\/suapoderado.com\/wp-content\/uploads\/2025\/01\/DALL\u00b7E-2025-01-16-04.04.07-A-symbolic-illustration-representing-justice-and-equality-in-education_-A-diverse-group-of-children-of-various-ethnicities-and-appearances-standing-to.webp 1024w, https:\/\/suapoderado.com\/wp-content\/uploads\/2025\/01\/DALL\u00b7E-2025-01-16-04.04.07-A-symbolic-illustration-representing-justice-and-equality-in-education_-A-diverse-group-of-children-of-various-ethnicities-and-appearances-standing-to-300x300.webp 300w, https:\/\/suapoderado.com\/wp-content\/uploads\/2025\/01\/DALL\u00b7E-2025-01-16-04.04.07-A-symbolic-illustration-representing-justice-and-equality-in-education_-A-diverse-group-of-children-of-various-ethnicities-and-appearances-standing-to-150x150.webp 150w, https:\/\/suapoderado.com\/wp-content\/uploads\/2025\/01\/DALL\u00b7E-2025-01-16-04.04.07-A-symbolic-illustration-representing-justice-and-equality-in-education_-A-diverse-group-of-children-of-various-ethnicities-and-appearances-standing-to-768x768.webp 768w\" sizes=\"(max-width: 1024px) 100vw, 1024px\" \/><\/figure><div class=\"wp-block-media-text__content\">\n<h3 class=\"wp-block-heading\">Justicia para un Adolecente V\u00edctima de Acoso Escolar<\/h3>\n\n\n\n<p>En un gesto sin precedentes, la Sala Cuarta de Revisi\u00f3n de la Corte Constitucional de Colombia envi\u00f3 un mensaje contundente a un ni\u00f1o de 14 a\u00f1os, v\u00edctima de acoso escolar, al resolver un fallo de tutela que expone fallas graves en la protecci\u00f3n de los derechos fundamentales en las instituciones educativas. La Corte afirm\u00f3 que el acoso escolar &#8220;nunca debe ser tolerado&#8221; y subray\u00f3 la gravedad de la inacci\u00f3n institucional en su caso.<\/p>\n\n\n\n<p>El adolescente interpuso la tutela luego de ser expulsado de su colegio tras denunciar actos discriminatorios contra dos compa\u00f1eras, quienes fueron amenazadas con ser expulsadas tras un gesto de afecto p\u00fablico. El joven tambi\u00e9n cuestion\u00f3 contenidos inapropiados en una clase de educaci\u00f3n sexual que promov\u00edan estereotipos contrarios a la diversidad. Tras la divulgaci\u00f3n de los hechos por una fundaci\u00f3n de derechos humanos, la instituci\u00f3n educativa reaccion\u00f3 con represalias, expuls\u00e1ndolo sin el debido proceso.<\/p>\n<\/div><\/div>\n\n\n\n<h3 class=\"wp-block-heading\"><strong>Una Respuesta Judicial que Marca un Precedente<\/strong><\/h3>\n\n\n\n<p>La Corte explic\u00f3 al adolescente que, aunque en Colombia existen mecanismos como la Ruta de Atenci\u00f3n Integral para la Convivencia Escolar, en su caso, estos no fueron activados. Por el contrario, las medidas adoptadas por el colegio y la Secretar\u00eda de Educaci\u00f3n agravaron su exclusi\u00f3n.<\/p>\n\n\n\n<p>En palabras dirigidas al menor, la Corte expres\u00f3:<br><em>&#8220;Sabemos que enfrentaste momentos dif\u00edciles en tu colegio debido a actos de discriminaci\u00f3n que afectaron tu bienestar. [&#8230;] El acoso escolar es un problema que nunca debe ser tolerado, y es a\u00fan m\u00e1s reprochable cuando es facilitado o ignorado por las instituciones educativas.&#8221;<\/em><\/p>\n\n\n\n<p>La Sala enfatiz\u00f3 que el entorno educativo debe ser un espacio seguro, inclusivo y libre de prejuicios. La instituci\u00f3n no solo fall\u00f3 en proteger al estudiante, sino que reforz\u00f3 estereotipos da\u00f1inos y viol\u00f3 derechos fundamentales como el libre desarrollo de la personalidad y la no discriminaci\u00f3n.<\/p>\n\n\n\n<h3 class=\"wp-block-heading\"><strong>Medidas Correctivas Ordenadas por la Corte<\/strong><\/h3>\n\n\n\n<p>En su fallo, la Corte orden\u00f3 una serie de acciones para garantizar la protecci\u00f3n del ni\u00f1o y prevenir la repetici\u00f3n de estos hechos:<\/p>\n\n\n\n<p><strong>Acto de excusas:<\/strong> Tanto el colegio como la Secretar\u00eda de Educaci\u00f3n deber\u00e1n disculparse p\u00fablicamente o en privado, seg\u00fan la preferencia del estudiante.<\/p>\n\n\n\n<p><strong>Revisi\u00f3n del manual de convivencia:<\/strong> El colegio deber\u00e1 incorporar procedimientos claros que aseguren el debido proceso en casos de sanciones graves.<\/p>\n\n\n\n<p><strong>Nivelaci\u00f3n acad\u00e9mica gratuita:<\/strong> Se deber\u00e1 garantizar que el estudiante reciba el apoyo necesario para recuperar las clases perdidas.<\/p>\n\n\n\n<p><strong>Prohibici\u00f3n de represalias:<\/strong> El colegio deber\u00e1 abstenerse de realizar actos o comentarios que afecten la integridad del menor.<\/p>\n\n\n\n<h3 class=\"wp-block-heading\"><strong>Una Llamada a la Inclusi\u00f3n y al Respeto<\/strong><\/h3>\n\n\n\n<p>La Corte reiter\u00f3 que la educaci\u00f3n debe ser un pilar para el desarrollo humano, basado en principios de dignidad, igualdad y respeto a la diversidad. Subray\u00f3 que las instituciones educativas tienen el deber de garantizar entornos libres de discriminaci\u00f3n, donde los ni\u00f1os y ni\u00f1as puedan desarrollar su identidad y defender sus derechos sin temor a represalias.<\/p>\n\n\n\n<p>Con esta decisi\u00f3n, la Corte Constitucional no solo protege los derechos de un ni\u00f1o valiente que alz\u00f3 su voz contra la injusticia, sino que tambi\u00e9n env\u00eda un mensaje claro a la sociedad: la inclusi\u00f3n y el respeto no son negociables en el sistema educativo colombiano.<\/p>\n\n\n\n<h5 class=\"wp-block-heading\"><strong>Sentencia T-529 de 2024<\/strong><\/h5>\n\n\n\n<p><strong>Magistrado Ponente: Vladimir Fern\u00e1ndez Andrade<\/strong><\/p>\n\n\n\n<p><\/p>\n","protected":false},"excerpt":{"rendered":"<p>Justicia para un Adolecente V\u00edctima de Acoso Escolar En un gesto sin precedentes, la Sala Cuarta de Revisi\u00f3n de la Corte Constitucional de Colombia envi\u00f3 un mensaje contundente a un ni\u00f1o de 14 a\u00f1os, v\u00edctima de acoso escolar, al resolver un fallo de tutela que expone fallas graves en la protecci\u00f3n de los derechos fundamentales&#8230;<\/p>\n","protected":false},"author":1,"featured_media":0,"comment_status":"open","ping_status":"open","sticky":false,"template":"","format":"standard","meta":{"_kadence_starter_templates_imported_post":false,"_kad_post_transparent":"","_kad_post_title":"","_kad_post_layout":"","_kad_post_sidebar_id":"","_kad_post_content_style":"","_kad_post_vertical_padding":"","_kad_post_feature":"","_kad_post_feature_position":"","_kad_post_header":false,"_kad_post_footer":false,"footnotes":""},"categories":[7],"tags":[],"class_list":["post-2841","post","type-post","status-publish","format-standard","hentry","category-derecho-constitucional"],"yoast_head":"<!-- This site is optimized with the Yoast SEO plugin v24.6 - https:\/\/yoast.com\/wordpress\/plugins\/seo\/ -->\n<title>Cuando la Corte Habla Claro: Justicia para un Adolecente V\u00edctima de Acoso Escolar - Suapoderado<\/title>\n<meta name=\"robots\" content=\"index, follow, max-snippet:-1, max-image-preview:large, max-video-preview:-1\" \/>\n<link rel=\"canonical\" href=\"https:\/\/suapoderado.com\/index.php\/2025\/01\/16\/cuando-la-corte-habla-claro-justicia-para-un-adolecente-victima-de-acoso-escolar\/\" \/>\n<meta property=\"og:locale\" content=\"es_ES\" \/>\n<meta property=\"og:type\" content=\"article\" \/>\n<meta property=\"og:title\" content=\"Cuando la Corte Habla Claro: Justicia para un Adolecente V\u00edctima de Acoso Escolar - Suapoderado\" \/>\n<meta property=\"og:description\" content=\"Justicia para un Adolecente V\u00edctima de Acoso Escolar En un gesto sin precedentes, la Sala Cuarta de Revisi\u00f3n de la Corte Constitucional de Colombia envi\u00f3 un mensaje contundente a un ni\u00f1o de 14 a\u00f1os, v\u00edctima de acoso escolar, al resolver un fallo de tutela que expone fallas graves en la protecci\u00f3n de los derechos fundamentales...\" \/>\n<meta property=\"og:url\" content=\"https:\/\/suapoderado.com\/index.php\/2025\/01\/16\/cuando-la-corte-habla-claro-justicia-para-un-adolecente-victima-de-acoso-escolar\/\" \/>\n<meta property=\"og:site_name\" content=\"Suapoderado\" \/>\n<meta property=\"article:published_time\" content=\"2025-01-16T04:00:00+00:00\" \/>\n<meta property=\"article:modified_time\" content=\"2025-01-31T02:39:02+00:00\" \/>\n<meta name=\"author\" content=\"mferrerhernandez@suapoderado.com\" \/>\n<meta name=\"twitter:card\" content=\"summary_large_image\" \/>\n<meta name=\"twitter:label1\" content=\"Escrito por\" \/>\n\t<meta name=\"twitter:data1\" content=\"mferrerhernandez@suapoderado.com\" \/>\n\t<meta name=\"twitter:label2\" content=\"Tiempo de lectura\" \/>\n\t<meta name=\"twitter:data2\" content=\"3 minutos\" \/>\n<script type=\"application\/ld+json\" class=\"yoast-schema-graph\">{\"@context\":\"https:\/\/schema.org\",\"@graph\":[{\"@type\":\"Article\",\"@id\":\"https:\/\/suapoderado.com\/index.php\/2025\/01\/16\/cuando-la-corte-habla-claro-justicia-para-un-adolecente-victima-de-acoso-escolar\/#article\",\"isPartOf\":{\"@id\":\"https:\/\/suapoderado.com\/index.php\/2025\/01\/16\/cuando-la-corte-habla-claro-justicia-para-un-adolecente-victima-de-acoso-escolar\/\"},\"author\":{\"name\":\"mferrerhernandez@suapoderado.com\",\"@id\":\"https:\/\/suapoderado.com\/#\/schema\/person\/cfffd57ddb2b4ab35950b27d9a38240b\"},\"headline\":\"Cuando la Corte Habla Claro: Justicia para un Adolecente V\u00edctima de Acoso Escolar\",\"datePublished\":\"2025-01-16T04:00:00+00:00\",\"dateModified\":\"2025-01-31T02:39:02+00:00\",\"mainEntityOfPage\":{\"@id\":\"https:\/\/suapoderado.com\/index.php\/2025\/01\/16\/cuando-la-corte-habla-claro-justicia-para-un-adolecente-victima-de-acoso-escolar\/\"},\"wordCount\":590,\"commentCount\":0,\"publisher\":{\"@id\":\"https:\/\/suapoderado.com\/#organization\"},\"articleSection\":[\"Derecho Constitucional\"],\"inLanguage\":\"es-CO\",\"potentialAction\":[{\"@type\":\"CommentAction\",\"name\":\"Comment\",\"target\":[\"https:\/\/suapoderado.com\/index.php\/2025\/01\/16\/cuando-la-corte-habla-claro-justicia-para-un-adolecente-victima-de-acoso-escolar\/#respond\"]}]},{\"@type\":\"WebPage\",\"@id\":\"https:\/\/suapoderado.com\/index.php\/2025\/01\/16\/cuando-la-corte-habla-claro-justicia-para-un-adolecente-victima-de-acoso-escolar\/\",\"url\":\"https:\/\/suapoderado.com\/index.php\/2025\/01\/16\/cuando-la-corte-habla-claro-justicia-para-un-adolecente-victima-de-acoso-escolar\/\",\"name\":\"Cuando la Corte Habla Claro: Justicia para un Adolecente V\u00edctima de Acoso Escolar - Suapoderado\",\"isPartOf\":{\"@id\":\"https:\/\/suapoderado.com\/#website\"},\"datePublished\":\"2025-01-16T04:00:00+00:00\",\"dateModified\":\"2025-01-31T02:39:02+00:00\",\"breadcrumb\":{\"@id\":\"https:\/\/suapoderado.com\/index.php\/2025\/01\/16\/cuando-la-corte-habla-claro-justicia-para-un-adolecente-victima-de-acoso-escolar\/#breadcrumb\"},\"inLanguage\":\"es-CO\",\"potentialAction\":[{\"@type\":\"ReadAction\",\"target\":[\"https:\/\/suapoderado.com\/index.php\/2025\/01\/16\/cuando-la-corte-habla-claro-justicia-para-un-adolecente-victima-de-acoso-escolar\/\"]}]},{\"@type\":\"BreadcrumbList\",\"@id\":\"https:\/\/suapoderado.com\/index.php\/2025\/01\/16\/cuando-la-corte-habla-claro-justicia-para-un-adolecente-victima-de-acoso-escolar\/#breadcrumb\",\"itemListElement\":[{\"@type\":\"ListItem\",\"position\":1,\"name\":\"Inicio\",\"item\":\"https:\/\/suapoderado.com\/\"},{\"@type\":\"ListItem\",\"position\":2,\"name\":\"Cuando la Corte Habla Claro: Justicia para un Adolecente V\u00edctima de Acoso Escolar\"}]},{\"@type\":\"WebSite\",\"@id\":\"https:\/\/suapoderado.com\/#website\",\"url\":\"https:\/\/suapoderado.com\/\",\"name\":\"Suapoderado\",\"description\":\"Ferrer &amp; Hern\u00e1ndez Abogados\",\"publisher\":{\"@id\":\"https:\/\/suapoderado.com\/#organization\"},\"potentialAction\":[{\"@type\":\"SearchAction\",\"target\":{\"@type\":\"EntryPoint\",\"urlTemplate\":\"https:\/\/suapoderado.com\/?s={search_term_string}\"},\"query-input\":{\"@type\":\"PropertyValueSpecification\",\"valueRequired\":true,\"valueName\":\"search_term_string\"}}],\"inLanguage\":\"es-CO\"},{\"@type\":\"Organization\",\"@id\":\"https:\/\/suapoderado.com\/#organization\",\"name\":\"Suapoderado\",\"alternateName\":\"Ferrer & Hernandez Abogados\",\"url\":\"https:\/\/suapoderado.com\/\",\"logo\":{\"@type\":\"ImageObject\",\"inLanguage\":\"es-CO\",\"@id\":\"https:\/\/suapoderado.com\/#\/schema\/logo\/image\/\",\"url\":\"http:\/\/www.suapoderado.com\/wp-content\/uploads\/2025\/02\/favicon_suapoderado_final_48x48.png\",\"contentUrl\":\"http:\/\/www.suapoderado.com\/wp-content\/uploads\/2025\/02\/favicon_suapoderado_final_48x48.png\",\"width\":48,\"height\":48,\"caption\":\"Suapoderado\"},\"image\":{\"@id\":\"https:\/\/suapoderado.com\/#\/schema\/logo\/image\/\"}},{\"@type\":\"Person\",\"@id\":\"https:\/\/suapoderado.com\/#\/schema\/person\/cfffd57ddb2b4ab35950b27d9a38240b\",\"name\":\"mferrerhernandez@suapoderado.com\",\"image\":{\"@type\":\"ImageObject\",\"inLanguage\":\"es-CO\",\"@id\":\"https:\/\/suapoderado.com\/#\/schema\/person\/image\/\",\"url\":\"https:\/\/secure.gravatar.com\/avatar\/81d200cdcda114b1b55f13aa2898eb27?s=96&d=mm&r=g\",\"contentUrl\":\"https:\/\/secure.gravatar.com\/avatar\/81d200cdcda114b1b55f13aa2898eb27?s=96&d=mm&r=g\",\"caption\":\"mferrerhernandez@suapoderado.com\"},\"sameAs\":[\"http:\/\/wwww.suapoderado.com\"],\"url\":\"https:\/\/suapoderado.com\/index.php\/author\/mferrerhernandezhotmail-com\/\"}]}<\/script>\n<!-- \/ Yoast SEO plugin. -->","yoast_head_json":{"title":"Cuando la Corte Habla Claro: Justicia para un Adolecente V\u00edctima de Acoso Escolar - Suapoderado","robots":{"index":"index","follow":"follow","max-snippet":"max-snippet:-1","max-image-preview":"max-image-preview:large","max-video-preview":"max-video-preview:-1"},"canonical":"https:\/\/suapoderado.com\/index.php\/2025\/01\/16\/cuando-la-corte-habla-claro-justicia-para-un-adolecente-victima-de-acoso-escolar\/","og_locale":"es_ES","og_type":"article","og_title":"Cuando la Corte Habla Claro: Justicia para un Adolecente V\u00edctima de Acoso Escolar - Suapoderado","og_description":"Justicia para un Adolecente V\u00edctima de Acoso Escolar En un gesto sin precedentes, la Sala Cuarta de Revisi\u00f3n de la Corte Constitucional de Colombia envi\u00f3 un mensaje contundente a un ni\u00f1o de 14 a\u00f1os, v\u00edctima de acoso escolar, al resolver un fallo de tutela que expone fallas graves en la protecci\u00f3n de los derechos fundamentales...","og_url":"https:\/\/suapoderado.com\/index.php\/2025\/01\/16\/cuando-la-corte-habla-claro-justicia-para-un-adolecente-victima-de-acoso-escolar\/","og_site_name":"Suapoderado","article_published_time":"2025-01-16T04:00:00+00:00","article_modified_time":"2025-01-31T02:39:02+00:00","author":"mferrerhernandez@suapoderado.com","twitter_card":"summary_large_image","twitter_misc":{"Escrito por":"mferrerhernandez@suapoderado.com","Tiempo de lectura":"3 minutos"},"schema":{"@context":"https:\/\/schema.org","@graph":[{"@type":"Article","@id":"https:\/\/suapoderado.com\/index.php\/2025\/01\/16\/cuando-la-corte-habla-claro-justicia-para-un-adolecente-victima-de-acoso-escolar\/#article","isPartOf":{"@id":"https:\/\/suapoderado.com\/index.php\/2025\/01\/16\/cuando-la-corte-habla-claro-justicia-para-un-adolecente-victima-de-acoso-escolar\/"},"author":{"name":"mferrerhernandez@suapoderado.com","@id":"https:\/\/suapoderado.com\/#\/schema\/person\/cfffd57ddb2b4ab35950b27d9a38240b"},"headline":"Cuando la Corte Habla Claro: Justicia para un Adolecente V\u00edctima de Acoso Escolar","datePublished":"2025-01-16T04:00:00+00:00","dateModified":"2025-01-31T02:39:02+00:00","mainEntityOfPage":{"@id":"https:\/\/suapoderado.com\/index.php\/2025\/01\/16\/cuando-la-corte-habla-claro-justicia-para-un-adolecente-victima-de-acoso-escolar\/"},"wordCount":590,"commentCount":0,"publisher":{"@id":"https:\/\/suapoderado.com\/#organization"},"articleSection":["Derecho Constitucional"],"inLanguage":"es-CO","potentialAction":[{"@type":"CommentAction","name":"Comment","target":["https:\/\/suapoderado.com\/index.php\/2025\/01\/16\/cuando-la-corte-habla-claro-justicia-para-un-adolecente-victima-de-acoso-escolar\/#respond"]}]},{"@type":"WebPage","@id":"https:\/\/suapoderado.com\/index.php\/2025\/01\/16\/cuando-la-corte-habla-claro-justicia-para-un-adolecente-victima-de-acoso-escolar\/","url":"https:\/\/suapoderado.com\/index.php\/2025\/01\/16\/cuando-la-corte-habla-claro-justicia-para-un-adolecente-victima-de-acoso-escolar\/","name":"Cuando la Corte Habla Claro: Justicia para un Adolecente V\u00edctima de Acoso Escolar - Suapoderado","isPartOf":{"@id":"https:\/\/suapoderado.com\/#website"},"datePublished":"2025-01-16T04:00:00+00:00","dateModified":"2025-01-31T02:39:02+00:00","breadcrumb":{"@id":"https:\/\/suapoderado.com\/index.php\/2025\/01\/16\/cuando-la-corte-habla-claro-justicia-para-un-adolecente-victima-de-acoso-escolar\/#breadcrumb"},"inLanguage":"es-CO","potentialAction":[{"@type":"ReadAction","target":["https:\/\/suapoderado.com\/index.php\/2025\/01\/16\/cuando-la-corte-habla-claro-justicia-para-un-adolecente-victima-de-acoso-escolar\/"]}]},{"@type":"BreadcrumbList","@id":"https:\/\/suapoderado.com\/index.php\/2025\/01\/16\/cuando-la-corte-habla-claro-justicia-para-un-adolecente-victima-de-acoso-escolar\/#breadcrumb","itemListElement":[{"@type":"ListItem","position":1,"name":"Inicio","item":"https:\/\/suapoderado.com\/"},{"@type":"ListItem","position":2,"name":"Cuando la Corte Habla Claro: Justicia para un Adolecente V\u00edctima de Acoso Escolar"}]},{"@type":"WebSite","@id":"https:\/\/suapoderado.com\/#website","url":"https:\/\/suapoderado.com\/","name":"Suapoderado","description":"Ferrer &amp; Hern\u00e1ndez Abogados","publisher":{"@id":"https:\/\/suapoderado.com\/#organization"},"potentialAction":[{"@type":"SearchAction","target":{"@type":"EntryPoint","urlTemplate":"https:\/\/suapoderado.com\/?s={search_term_string}"},"query-input":{"@type":"PropertyValueSpecification","valueRequired":true,"valueName":"search_term_string"}}],"inLanguage":"es-CO"},{"@type":"Organization","@id":"https:\/\/suapoderado.com\/#organization","name":"Suapoderado","alternateName":"Ferrer & Hernandez Abogados","url":"https:\/\/suapoderado.com\/","logo":{"@type":"ImageObject","inLanguage":"es-CO","@id":"https:\/\/suapoderado.com\/#\/schema\/logo\/image\/","url":"http:\/\/www.suapoderado.com\/wp-content\/uploads\/2025\/02\/favicon_suapoderado_final_48x48.png","contentUrl":"http:\/\/www.suapoderado.com\/wp-content\/uploads\/2025\/02\/favicon_suapoderado_final_48x48.png","width":48,"height":48,"caption":"Suapoderado"},"image":{"@id":"https:\/\/suapoderado.com\/#\/schema\/logo\/image\/"}},{"@type":"Person","@id":"https:\/\/suapoderado.com\/#\/schema\/person\/cfffd57ddb2b4ab35950b27d9a38240b","name":"mferrerhernandez@suapoderado.com","image":{"@type":"ImageObject","inLanguage":"es-CO","@id":"https:\/\/suapoderado.com\/#\/schema\/person\/image\/","url":"https:\/\/secure.gravatar.com\/avatar\/81d200cdcda114b1b55f13aa2898eb27?s=96&d=mm&r=g","contentUrl":"https:\/\/secure.gravatar.com\/avatar\/81d200cdcda114b1b55f13aa2898eb27?s=96&d=mm&r=g","caption":"mferrerhernandez@suapoderado.com"},"sameAs":["http:\/\/wwww.suapoderado.com"],"url":"https:\/\/suapoderado.com\/index.php\/author\/mferrerhernandezhotmail-com\/"}]}},"_links":{"self":[{"href":"https:\/\/suapoderado.com\/index.php\/wp-json\/wp\/v2\/posts\/2841","targetHints":{"allow":["GET"]}}],"collection":[{"href":"https:\/\/suapoderado.com\/index.php\/wp-json\/wp\/v2\/posts"}],"about":[{"href":"https:\/\/suapoderado.com\/index.php\/wp-json\/wp\/v2\/types\/post"}],"author":[{"embeddable":true,"href":"https:\/\/suapoderado.com\/index.php\/wp-json\/wp\/v2\/users\/1"}],"replies":[{"embeddable":true,"href":"https:\/\/suapoderado.com\/index.php\/wp-json\/wp\/v2\/comments?post=2841"}],"version-history":[{"count":1,"href":"https:\/\/suapoderado.com\/index.php\/wp-json\/wp\/v2\/posts\/2841\/revisions"}],"predecessor-version":[{"id":2843,"href":"https:\/\/suapoderado.com\/index.php\/wp-json\/wp\/v2\/posts\/2841\/revisions\/2843"}],"wp:attachment":[{"href":"https:\/\/suapoderado.com\/index.php\/wp-json\/wp\/v2\/media?parent=2841"}],"wp:term":[{"taxonomy":"category","embeddable":true,"href":"https:\/\/suapoderado.com\/index.php\/wp-json\/wp\/v2\/categories?post=2841"},{"taxonomy":"post_tag","embeddable":true,"href":"https:\/\/suapoderado.com\/index.php\/wp-json\/wp\/v2\/tags?post=2841"}],"curies":[{"name":"wp","href":"https:\/\/api.w.org\/{rel}","templated":true}]}}