{"id":2846,"date":"2025-01-17T10:59:39","date_gmt":"2025-01-17T10:59:39","guid":{"rendered":"https:\/\/www.suapoderado.com\/?p=2846"},"modified":"2025-01-31T02:38:24","modified_gmt":"2025-01-31T02:38:24","slug":"que-son-las-horas-extras-y-como-se-calculan-con-el-salario-minimo-en-2025","status":"publish","type":"post","link":"https:\/\/suapoderado.com\/index.php\/2025\/01\/17\/que-son-las-horas-extras-y-como-se-calculan-con-el-salario-minimo-en-2025\/","title":{"rendered":"\u00bfQu\u00e9 son las horas extras y c\u00f3mo se calculan con el salario m\u00ednimo en 2025?"},"content":{"rendered":"\n<div class=\"wp-block-media-text is-stacked-on-mobile\"><figure class=\"wp-block-media-text__media\"><img fetchpriority=\"high\" decoding=\"async\" width=\"1024\" height=\"1024\" src=\"http:\/\/www.suapoderado.com\/wp-content\/uploads\/2025\/01\/DALL\u00b7E-2025-01-17-05.57.10-A-professional-office-setting-at-night-with-a-worker-sitting-at-their-desk-under-a-bright-desk-lamp-surrounded-by-paperwork-and-a-clock-on-the-wall-s.webp\" alt=\"\" class=\"wp-image-2847 size-full\" srcset=\"https:\/\/suapoderado.com\/wp-content\/uploads\/2025\/01\/DALL\u00b7E-2025-01-17-05.57.10-A-professional-office-setting-at-night-with-a-worker-sitting-at-their-desk-under-a-bright-desk-lamp-surrounded-by-paperwork-and-a-clock-on-the-wall-s.webp 1024w, https:\/\/suapoderado.com\/wp-content\/uploads\/2025\/01\/DALL\u00b7E-2025-01-17-05.57.10-A-professional-office-setting-at-night-with-a-worker-sitting-at-their-desk-under-a-bright-desk-lamp-surrounded-by-paperwork-and-a-clock-on-the-wall-s-300x300.webp 300w, https:\/\/suapoderado.com\/wp-content\/uploads\/2025\/01\/DALL\u00b7E-2025-01-17-05.57.10-A-professional-office-setting-at-night-with-a-worker-sitting-at-their-desk-under-a-bright-desk-lamp-surrounded-by-paperwork-and-a-clock-on-the-wall-s-150x150.webp 150w, https:\/\/suapoderado.com\/wp-content\/uploads\/2025\/01\/DALL\u00b7E-2025-01-17-05.57.10-A-professional-office-setting-at-night-with-a-worker-sitting-at-their-desk-under-a-bright-desk-lamp-surrounded-by-paperwork-and-a-clock-on-the-wall-s-768x768.webp 768w\" sizes=\"(max-width: 1024px) 100vw, 1024px\" \/><\/figure><div class=\"wp-block-media-text__content\">\n<h3 class=\"wp-block-heading\">\u00bfQu\u00e9 son las horas extras y c\u00f3mo se calculan con el salario m\u00ednimo en 2025?<\/h3>\n\n\n\n<p><strong>\u00bfQu\u00e9 son las horas extras y c\u00f3mo se calculan con el salario m\u00ednimo en 2025?<\/strong><\/p>\n\n\n\n<p>El trabajo adicional a la jornada ordinaria pactada o establecida por ley se conoce como <strong>horas extras<\/strong> y representa un derecho laboral fundamental en Colombia. Estas horas se pagan con recargos especiales seg\u00fan el horario y el tipo de jornada en que se realicen.<\/p>\n\n\n\n<p>Con el <strong>salario m\u00ednimo para 2025<\/strong>, establecido en <strong>$1.423.500<\/strong>, y el subsidio de transporte de <strong>$200.000<\/strong> (para un total de $1.623.500 en ingresos b\u00e1sicos para trabajadores que lo reciban), el c\u00e1lculo de las horas extras y recargos ha cambiado, beneficiando a los trabajadores.<\/p>\n<\/div><\/div>\n\n\n\n<hr class=\"wp-block-separator has-alpha-channel-opacity\"\/>\n\n\n\n<h3 class=\"wp-block-heading\"><strong>C\u00e1lculo de horas extras y recargos<\/strong><\/h3>\n\n\n\n<ol class=\"wp-block-list\">\n<li><strong>Salario base y hora ordinaria<\/strong>:\n<ul class=\"wp-block-list\">\n<li><strong>Salario diario<\/strong>: $1.423.500 \u00f7 30 d\u00edas = <strong>$47.450<\/strong>.<\/li>\n\n\n\n<li><strong>Valor de una hora ordinaria<\/strong>: $47.450 \u00f7 8 horas = <strong>$5.931<\/strong>.<\/li>\n<\/ul>\n<\/li>\n\n\n\n<li><strong>Horas extras<\/strong>:\n<ul class=\"wp-block-list\">\n<li><strong>Diurnas<\/strong> (entre 6:00 a.m. y 9:00 p.m.):\n<ul class=\"wp-block-list\">\n<li>Se aplica un recargo del <strong>25%<\/strong>.<br>$5.931 + (25% \u00d7 $5.931) = <strong>$7.413<\/strong>.<\/li>\n<\/ul>\n<\/li>\n\n\n\n<li><strong>Nocturnas<\/strong> (entre 9:00 p.m. y 6:00 a.m.):\n<ul class=\"wp-block-list\">\n<li>Se aplica un recargo del <strong>75%<\/strong>.<br>$5.931 + (75% \u00d7 $5.931) = <strong>$10.379<\/strong>.<\/li>\n<\/ul>\n<\/li>\n<\/ul>\n<\/li>\n\n\n\n<li><strong>Trabajo en domingos y festivos<\/strong>: Seg\u00fan el art\u00edculo 179 del C\u00f3digo Sustantivo del Trabajo (CST), trabajar en estos d\u00edas implica un recargo del <strong>75%<\/strong>.\n<ul class=\"wp-block-list\">\n<li><strong>Valor de un d\u00eda trabajado (8 horas)<\/strong>:<br>$47.450 \u00d7 1,75 = <strong>$83.037<\/strong>.<\/li>\n<\/ul>\n<\/li>\n<\/ol>\n\n\n\n<hr class=\"wp-block-separator has-alpha-channel-opacity\"\/>\n\n\n\n<h3 class=\"wp-block-heading\"><strong>Aspectos legales y derechos del trabajador<\/strong><\/h3>\n\n\n\n<p>El empleador tiene la <strong>obligaci\u00f3n de pagar las horas extras<\/strong> y los recargos establecidos por la ley de manera puntual y proporcional. En caso de incumplimiento, el trabajador puede denunciar ante el Ministerio del Trabajo o iniciar una demanda laboral.<\/p>\n\n\n\n<p>Adem\u00e1s, es importante recordar que:<\/p>\n\n\n\n<ul class=\"wp-block-list\">\n<li>El trabajo extra debe ser autorizado previamente por el empleador.<\/li>\n\n\n\n<li>No es posible compensar las horas extras con d\u00edas libres o descansos, salvo que se pacte bajo los t\u00e9rminos permitidos por la ley.<\/li>\n\n\n\n<li>Los l\u00edmites m\u00e1ximos para las horas extras son <strong>2 horas diarias<\/strong> o <strong>12 horas semanales<\/strong>.<\/li>\n<\/ul>\n\n\n\n<hr class=\"wp-block-separator has-alpha-channel-opacity\"\/>\n\n\n\n<h3 class=\"wp-block-heading\"><strong>Impacto del nuevo salario m\u00ednimo<\/strong><\/h3>\n\n\n\n<p>El aumento del 9,54% en el salario m\u00ednimo no solo incrementa los ingresos b\u00e1sicos de los trabajadores, sino que tambi\u00e9n eleva los valores de las horas extras y los recargos. Esto tiene un impacto positivo en la protecci\u00f3n de los derechos laborales, asegurando una mayor compensaci\u00f3n para quienes trabajan m\u00e1s all\u00e1 de sus jornadas regulares o en d\u00edas no laborales.<\/p>\n\n\n\n<p>Si trabajas horas extras o en d\u00edas festivos, aseg\u00farate de llevar un control detallado de tus horarios y verifica que el pago sea acorde con los recargos establecidos por la ley. Si necesitas asesor\u00eda legal, consulta con un abogado laboral para garantizar que tus derechos sean respetados.<\/p>\n","protected":false},"excerpt":{"rendered":"<p>\u00bfQu\u00e9 son las horas extras y c\u00f3mo se calculan con el salario m\u00ednimo en 2025? \u00bfQu\u00e9 son las horas extras y c\u00f3mo se calculan con el salario m\u00ednimo en 2025? El trabajo adicional a la jornada ordinaria pactada o establecida por ley se conoce como horas extras y representa un derecho laboral fundamental en Colombia&#8230;.<\/p>\n","protected":false},"author":1,"featured_media":0,"comment_status":"open","ping_status":"open","sticky":false,"template":"","format":"standard","meta":{"_kadence_starter_templates_imported_post":false,"_kad_post_transparent":"","_kad_post_title":"","_kad_post_layout":"","_kad_post_sidebar_id":"","_kad_post_content_style":"","_kad_post_vertical_padding":"","_kad_post_feature":"","_kad_post_feature_position":"","_kad_post_header":false,"_kad_post_footer":false,"footnotes":""},"categories":[1],"tags":[],"class_list":["post-2846","post","type-post","status-publish","format-standard","hentry","category-derecho-de-familia"],"yoast_head":"<!-- This site is optimized with the Yoast SEO plugin v24.6 - https:\/\/yoast.com\/wordpress\/plugins\/seo\/ -->\n<title>\u00bfQu\u00e9 son las horas extras y c\u00f3mo se calculan con el salario m\u00ednimo en 2025? - Suapoderado<\/title>\n<meta name=\"robots\" content=\"index, follow, max-snippet:-1, max-image-preview:large, max-video-preview:-1\" \/>\n<link rel=\"canonical\" href=\"https:\/\/suapoderado.com\/index.php\/2025\/01\/17\/que-son-las-horas-extras-y-como-se-calculan-con-el-salario-minimo-en-2025\/\" \/>\n<meta property=\"og:locale\" content=\"es_ES\" \/>\n<meta property=\"og:type\" content=\"article\" \/>\n<meta property=\"og:title\" content=\"\u00bfQu\u00e9 son las horas extras y c\u00f3mo se calculan con el salario m\u00ednimo en 2025? - Suapoderado\" \/>\n<meta property=\"og:description\" content=\"\u00bfQu\u00e9 son las horas extras y c\u00f3mo se calculan con el salario m\u00ednimo en 2025? \u00bfQu\u00e9 son las horas extras y c\u00f3mo se calculan con el salario m\u00ednimo en 2025? El trabajo adicional a la jornada ordinaria pactada o establecida por ley se conoce como horas extras y representa un derecho laboral fundamental en Colombia....\" \/>\n<meta property=\"og:url\" content=\"https:\/\/suapoderado.com\/index.php\/2025\/01\/17\/que-son-las-horas-extras-y-como-se-calculan-con-el-salario-minimo-en-2025\/\" \/>\n<meta property=\"og:site_name\" content=\"Suapoderado\" \/>\n<meta property=\"article:published_time\" content=\"2025-01-17T10:59:39+00:00\" \/>\n<meta property=\"article:modified_time\" content=\"2025-01-31T02:38:24+00:00\" \/>\n<meta name=\"author\" content=\"mferrerhernandez@suapoderado.com\" \/>\n<meta name=\"twitter:card\" content=\"summary_large_image\" \/>\n<meta name=\"twitter:label1\" content=\"Escrito por\" \/>\n\t<meta name=\"twitter:data1\" content=\"mferrerhernandez@suapoderado.com\" \/>\n\t<meta name=\"twitter:label2\" content=\"Tiempo de lectura\" \/>\n\t<meta name=\"twitter:data2\" content=\"3 minutos\" \/>\n<script type=\"application\/ld+json\" class=\"yoast-schema-graph\">{\"@context\":\"https:\/\/schema.org\",\"@graph\":[{\"@type\":\"Article\",\"@id\":\"https:\/\/suapoderado.com\/index.php\/2025\/01\/17\/que-son-las-horas-extras-y-como-se-calculan-con-el-salario-minimo-en-2025\/#article\",\"isPartOf\":{\"@id\":\"https:\/\/suapoderado.com\/index.php\/2025\/01\/17\/que-son-las-horas-extras-y-como-se-calculan-con-el-salario-minimo-en-2025\/\"},\"author\":{\"name\":\"mferrerhernandez@suapoderado.com\",\"@id\":\"https:\/\/suapoderado.com\/#\/schema\/person\/cfffd57ddb2b4ab35950b27d9a38240b\"},\"headline\":\"\u00bfQu\u00e9 son las horas extras y c\u00f3mo se calculan con el salario m\u00ednimo en 2025?\",\"datePublished\":\"2025-01-17T10:59:39+00:00\",\"dateModified\":\"2025-01-31T02:38:24+00:00\",\"mainEntityOfPage\":{\"@id\":\"https:\/\/suapoderado.com\/index.php\/2025\/01\/17\/que-son-las-horas-extras-y-como-se-calculan-con-el-salario-minimo-en-2025\/\"},\"wordCount\":441,\"commentCount\":0,\"publisher\":{\"@id\":\"https:\/\/suapoderado.com\/#organization\"},\"articleSection\":[\"Derecho de Familia\"],\"inLanguage\":\"es-CO\",\"potentialAction\":[{\"@type\":\"CommentAction\",\"name\":\"Comment\",\"target\":[\"https:\/\/suapoderado.com\/index.php\/2025\/01\/17\/que-son-las-horas-extras-y-como-se-calculan-con-el-salario-minimo-en-2025\/#respond\"]}]},{\"@type\":\"WebPage\",\"@id\":\"https:\/\/suapoderado.com\/index.php\/2025\/01\/17\/que-son-las-horas-extras-y-como-se-calculan-con-el-salario-minimo-en-2025\/\",\"url\":\"https:\/\/suapoderado.com\/index.php\/2025\/01\/17\/que-son-las-horas-extras-y-como-se-calculan-con-el-salario-minimo-en-2025\/\",\"name\":\"\u00bfQu\u00e9 son las horas extras y c\u00f3mo se calculan con el salario m\u00ednimo en 2025? - Suapoderado\",\"isPartOf\":{\"@id\":\"https:\/\/suapoderado.com\/#website\"},\"datePublished\":\"2025-01-17T10:59:39+00:00\",\"dateModified\":\"2025-01-31T02:38:24+00:00\",\"breadcrumb\":{\"@id\":\"https:\/\/suapoderado.com\/index.php\/2025\/01\/17\/que-son-las-horas-extras-y-como-se-calculan-con-el-salario-minimo-en-2025\/#breadcrumb\"},\"inLanguage\":\"es-CO\",\"potentialAction\":[{\"@type\":\"ReadAction\",\"target\":[\"https:\/\/suapoderado.com\/index.php\/2025\/01\/17\/que-son-las-horas-extras-y-como-se-calculan-con-el-salario-minimo-en-2025\/\"]}]},{\"@type\":\"BreadcrumbList\",\"@id\":\"https:\/\/suapoderado.com\/index.php\/2025\/01\/17\/que-son-las-horas-extras-y-como-se-calculan-con-el-salario-minimo-en-2025\/#breadcrumb\",\"itemListElement\":[{\"@type\":\"ListItem\",\"position\":1,\"name\":\"Inicio\",\"item\":\"https:\/\/suapoderado.com\/\"},{\"@type\":\"ListItem\",\"position\":2,\"name\":\"\u00bfQu\u00e9 son las horas extras y c\u00f3mo se calculan con el salario m\u00ednimo en 2025?\"}]},{\"@type\":\"WebSite\",\"@id\":\"https:\/\/suapoderado.com\/#website\",\"url\":\"https:\/\/suapoderado.com\/\",\"name\":\"Suapoderado\",\"description\":\"Ferrer &amp; Hern\u00e1ndez Abogados\",\"publisher\":{\"@id\":\"https:\/\/suapoderado.com\/#organization\"},\"potentialAction\":[{\"@type\":\"SearchAction\",\"target\":{\"@type\":\"EntryPoint\",\"urlTemplate\":\"https:\/\/suapoderado.com\/?s={search_term_string}\"},\"query-input\":{\"@type\":\"PropertyValueSpecification\",\"valueRequired\":true,\"valueName\":\"search_term_string\"}}],\"inLanguage\":\"es-CO\"},{\"@type\":\"Organization\",\"@id\":\"https:\/\/suapoderado.com\/#organization\",\"name\":\"Suapoderado\",\"alternateName\":\"Ferrer & Hernandez Abogados\",\"url\":\"https:\/\/suapoderado.com\/\",\"logo\":{\"@type\":\"ImageObject\",\"inLanguage\":\"es-CO\",\"@id\":\"https:\/\/suapoderado.com\/#\/schema\/logo\/image\/\",\"url\":\"http:\/\/www.suapoderado.com\/wp-content\/uploads\/2025\/02\/favicon_suapoderado_final_48x48.png\",\"contentUrl\":\"http:\/\/www.suapoderado.com\/wp-content\/uploads\/2025\/02\/favicon_suapoderado_final_48x48.png\",\"width\":48,\"height\":48,\"caption\":\"Suapoderado\"},\"image\":{\"@id\":\"https:\/\/suapoderado.com\/#\/schema\/logo\/image\/\"}},{\"@type\":\"Person\",\"@id\":\"https:\/\/suapoderado.com\/#\/schema\/person\/cfffd57ddb2b4ab35950b27d9a38240b\",\"name\":\"mferrerhernandez@suapoderado.com\",\"image\":{\"@type\":\"ImageObject\",\"inLanguage\":\"es-CO\",\"@id\":\"https:\/\/suapoderado.com\/#\/schema\/person\/image\/\",\"url\":\"https:\/\/secure.gravatar.com\/avatar\/81d200cdcda114b1b55f13aa2898eb27?s=96&d=mm&r=g\",\"contentUrl\":\"https:\/\/secure.gravatar.com\/avatar\/81d200cdcda114b1b55f13aa2898eb27?s=96&d=mm&r=g\",\"caption\":\"mferrerhernandez@suapoderado.com\"},\"sameAs\":[\"http:\/\/wwww.suapoderado.com\"],\"url\":\"https:\/\/suapoderado.com\/index.php\/author\/mferrerhernandezhotmail-com\/\"}]}<\/script>\n<!-- \/ Yoast SEO plugin. -->","yoast_head_json":{"title":"\u00bfQu\u00e9 son las horas extras y c\u00f3mo se calculan con el salario m\u00ednimo en 2025? - Suapoderado","robots":{"index":"index","follow":"follow","max-snippet":"max-snippet:-1","max-image-preview":"max-image-preview:large","max-video-preview":"max-video-preview:-1"},"canonical":"https:\/\/suapoderado.com\/index.php\/2025\/01\/17\/que-son-las-horas-extras-y-como-se-calculan-con-el-salario-minimo-en-2025\/","og_locale":"es_ES","og_type":"article","og_title":"\u00bfQu\u00e9 son las horas extras y c\u00f3mo se calculan con el salario m\u00ednimo en 2025? - Suapoderado","og_description":"\u00bfQu\u00e9 son las horas extras y c\u00f3mo se calculan con el salario m\u00ednimo en 2025? \u00bfQu\u00e9 son las horas extras y c\u00f3mo se calculan con el salario m\u00ednimo en 2025? El trabajo adicional a la jornada ordinaria pactada o establecida por ley se conoce como horas extras y representa un derecho laboral fundamental en Colombia....","og_url":"https:\/\/suapoderado.com\/index.php\/2025\/01\/17\/que-son-las-horas-extras-y-como-se-calculan-con-el-salario-minimo-en-2025\/","og_site_name":"Suapoderado","article_published_time":"2025-01-17T10:59:39+00:00","article_modified_time":"2025-01-31T02:38:24+00:00","author":"mferrerhernandez@suapoderado.com","twitter_card":"summary_large_image","twitter_misc":{"Escrito por":"mferrerhernandez@suapoderado.com","Tiempo de lectura":"3 minutos"},"schema":{"@context":"https:\/\/schema.org","@graph":[{"@type":"Article","@id":"https:\/\/suapoderado.com\/index.php\/2025\/01\/17\/que-son-las-horas-extras-y-como-se-calculan-con-el-salario-minimo-en-2025\/#article","isPartOf":{"@id":"https:\/\/suapoderado.com\/index.php\/2025\/01\/17\/que-son-las-horas-extras-y-como-se-calculan-con-el-salario-minimo-en-2025\/"},"author":{"name":"mferrerhernandez@suapoderado.com","@id":"https:\/\/suapoderado.com\/#\/schema\/person\/cfffd57ddb2b4ab35950b27d9a38240b"},"headline":"\u00bfQu\u00e9 son las horas extras y c\u00f3mo se calculan con el salario m\u00ednimo en 2025?","datePublished":"2025-01-17T10:59:39+00:00","dateModified":"2025-01-31T02:38:24+00:00","mainEntityOfPage":{"@id":"https:\/\/suapoderado.com\/index.php\/2025\/01\/17\/que-son-las-horas-extras-y-como-se-calculan-con-el-salario-minimo-en-2025\/"},"wordCount":441,"commentCount":0,"publisher":{"@id":"https:\/\/suapoderado.com\/#organization"},"articleSection":["Derecho de Familia"],"inLanguage":"es-CO","potentialAction":[{"@type":"CommentAction","name":"Comment","target":["https:\/\/suapoderado.com\/index.php\/2025\/01\/17\/que-son-las-horas-extras-y-como-se-calculan-con-el-salario-minimo-en-2025\/#respond"]}]},{"@type":"WebPage","@id":"https:\/\/suapoderado.com\/index.php\/2025\/01\/17\/que-son-las-horas-extras-y-como-se-calculan-con-el-salario-minimo-en-2025\/","url":"https:\/\/suapoderado.com\/index.php\/2025\/01\/17\/que-son-las-horas-extras-y-como-se-calculan-con-el-salario-minimo-en-2025\/","name":"\u00bfQu\u00e9 son las horas extras y c\u00f3mo se calculan con el salario m\u00ednimo en 2025? - Suapoderado","isPartOf":{"@id":"https:\/\/suapoderado.com\/#website"},"datePublished":"2025-01-17T10:59:39+00:00","dateModified":"2025-01-31T02:38:24+00:00","breadcrumb":{"@id":"https:\/\/suapoderado.com\/index.php\/2025\/01\/17\/que-son-las-horas-extras-y-como-se-calculan-con-el-salario-minimo-en-2025\/#breadcrumb"},"inLanguage":"es-CO","potentialAction":[{"@type":"ReadAction","target":["https:\/\/suapoderado.com\/index.php\/2025\/01\/17\/que-son-las-horas-extras-y-como-se-calculan-con-el-salario-minimo-en-2025\/"]}]},{"@type":"BreadcrumbList","@id":"https:\/\/suapoderado.com\/index.php\/2025\/01\/17\/que-son-las-horas-extras-y-como-se-calculan-con-el-salario-minimo-en-2025\/#breadcrumb","itemListElement":[{"@type":"ListItem","position":1,"name":"Inicio","item":"https:\/\/suapoderado.com\/"},{"@type":"ListItem","position":2,"name":"\u00bfQu\u00e9 son las horas extras y c\u00f3mo se calculan con el salario m\u00ednimo en 2025?"}]},{"@type":"WebSite","@id":"https:\/\/suapoderado.com\/#website","url":"https:\/\/suapoderado.com\/","name":"Suapoderado","description":"Ferrer &amp; Hern\u00e1ndez Abogados","publisher":{"@id":"https:\/\/suapoderado.com\/#organization"},"potentialAction":[{"@type":"SearchAction","target":{"@type":"EntryPoint","urlTemplate":"https:\/\/suapoderado.com\/?s={search_term_string}"},"query-input":{"@type":"PropertyValueSpecification","valueRequired":true,"valueName":"search_term_string"}}],"inLanguage":"es-CO"},{"@type":"Organization","@id":"https:\/\/suapoderado.com\/#organization","name":"Suapoderado","alternateName":"Ferrer & Hernandez Abogados","url":"https:\/\/suapoderado.com\/","logo":{"@type":"ImageObject","inLanguage":"es-CO","@id":"https:\/\/suapoderado.com\/#\/schema\/logo\/image\/","url":"http:\/\/www.suapoderado.com\/wp-content\/uploads\/2025\/02\/favicon_suapoderado_final_48x48.png","contentUrl":"http:\/\/www.suapoderado.com\/wp-content\/uploads\/2025\/02\/favicon_suapoderado_final_48x48.png","width":48,"height":48,"caption":"Suapoderado"},"image":{"@id":"https:\/\/suapoderado.com\/#\/schema\/logo\/image\/"}},{"@type":"Person","@id":"https:\/\/suapoderado.com\/#\/schema\/person\/cfffd57ddb2b4ab35950b27d9a38240b","name":"mferrerhernandez@suapoderado.com","image":{"@type":"ImageObject","inLanguage":"es-CO","@id":"https:\/\/suapoderado.com\/#\/schema\/person\/image\/","url":"https:\/\/secure.gravatar.com\/avatar\/81d200cdcda114b1b55f13aa2898eb27?s=96&d=mm&r=g","contentUrl":"https:\/\/secure.gravatar.com\/avatar\/81d200cdcda114b1b55f13aa2898eb27?s=96&d=mm&r=g","caption":"mferrerhernandez@suapoderado.com"},"sameAs":["http:\/\/wwww.suapoderado.com"],"url":"https:\/\/suapoderado.com\/index.php\/author\/mferrerhernandezhotmail-com\/"}]}},"_links":{"self":[{"href":"https:\/\/suapoderado.com\/index.php\/wp-json\/wp\/v2\/posts\/2846","targetHints":{"allow":["GET"]}}],"collection":[{"href":"https:\/\/suapoderado.com\/index.php\/wp-json\/wp\/v2\/posts"}],"about":[{"href":"https:\/\/suapoderado.com\/index.php\/wp-json\/wp\/v2\/types\/post"}],"author":[{"embeddable":true,"href":"https:\/\/suapoderado.com\/index.php\/wp-json\/wp\/v2\/users\/1"}],"replies":[{"embeddable":true,"href":"https:\/\/suapoderado.com\/index.php\/wp-json\/wp\/v2\/comments?post=2846"}],"version-history":[{"count":1,"href":"https:\/\/suapoderado.com\/index.php\/wp-json\/wp\/v2\/posts\/2846\/revisions"}],"predecessor-version":[{"id":2848,"href":"https:\/\/suapoderado.com\/index.php\/wp-json\/wp\/v2\/posts\/2846\/revisions\/2848"}],"wp:attachment":[{"href":"https:\/\/suapoderado.com\/index.php\/wp-json\/wp\/v2\/media?parent=2846"}],"wp:term":[{"taxonomy":"category","embeddable":true,"href":"https:\/\/suapoderado.com\/index.php\/wp-json\/wp\/v2\/categories?post=2846"},{"taxonomy":"post_tag","embeddable":true,"href":"https:\/\/suapoderado.com\/index.php\/wp-json\/wp\/v2\/tags?post=2846"}],"curies":[{"name":"wp","href":"https:\/\/api.w.org\/{rel}","templated":true}]}}