{"id":2907,"date":"2025-01-29T05:19:56","date_gmt":"2025-01-29T05:19:56","guid":{"rendered":"https:\/\/www.suapoderado.com\/?p=2907"},"modified":"2025-02-02T13:30:27","modified_gmt":"2025-02-02T13:30:27","slug":"plazo-para-el-pago-de-cesantias-e-intereses-vence-pronto","status":"publish","type":"post","link":"https:\/\/suapoderado.com\/index.php\/2025\/01\/29\/plazo-para-el-pago-de-cesantias-e-intereses-vence-pronto\/","title":{"rendered":"Plazo para el pago de cesant\u00edas e intereses vence pronto"},"content":{"rendered":"\n<div class=\"wp-block-media-text is-stacked-on-mobile\"><figure class=\"wp-block-media-text__media\"><img fetchpriority=\"high\" decoding=\"async\" width=\"275\" height=\"183\" src=\"http:\/\/www.suapoderado.com\/wp-content\/uploads\/2025\/01\/descarga-2.jpg\" alt=\"\" class=\"wp-image-2880 size-full\"\/><\/figure><div class=\"wp-block-media-text__content\">\n<h3 class=\"wp-block-heading\">\ud83d\udcc5 <strong>Colombia, enero de 2025<\/strong> \u2013 <\/h3>\n\n\n\n<p>A pocos d\u00edas de vencerse los plazos legales, el Ministerio del Trabajo recuerda a los empleadores la <strong>obligaci\u00f3n de consignar las cesant\u00edas de sus trabajadores antes del 14 de febrero<\/strong> y el <strong>pago de los intereses de cesant\u00edas hasta el 31 de enero<\/strong>.<\/p>\n<\/div><\/div>\n\n\n\n<h3 class=\"wp-block-heading\"><strong>Intereses de cesant\u00edas: Plazo vence el 31 de enero<\/strong><\/h3>\n\n\n\n<p>Los empleadores tienen hasta el <strong>31 de enero de 2025<\/strong> para pagar los intereses de cesant\u00edas, equivalentes al <strong>12% anual<\/strong> sobre el saldo acumulado de las cesant\u00edas de cada trabajador. Este pago se realiza directamente a los empleados y corresponde al rendimiento del ahorro de cesant\u00edas del a\u00f1o anterior.<\/p>\n\n\n\n<h3 class=\"wp-block-heading\"><strong>Cesant\u00edas: Plazo vence el 14 de febrero<\/strong><\/h3>\n\n\n\n<p>Por su parte, el <strong>14 de febrero de 2025<\/strong> es la fecha l\u00edmite para consignar las cesant\u00edas en el fondo correspondiente. Estas prestaciones son un derecho fundamental del trabajador y funcionan como un mecanismo de protecci\u00f3n en caso de desempleo o para la financiaci\u00f3n de vivienda y educaci\u00f3n.<\/p>\n\n\n\n<h3 class=\"wp-block-heading\"><strong>Sanciones por incumplimiento<\/strong><\/h3>\n\n\n\n<p>El incumplimiento de estas obligaciones puede acarrear multas y sanciones para los empleadores. En el caso de los intereses de cesant\u00edas, el retraso genera la obligaci\u00f3n de pagar intereses moratorios. Mientras tanto, la no consignaci\u00f3n de las cesant\u00edas en el fondo dentro del plazo estipulado puede derivar en sanciones equivalentes a <strong>un d\u00eda de salario por cada d\u00eda de retraso<\/strong>, seg\u00fan lo establecido en la legislaci\u00f3n laboral.<\/p>\n\n\n\n<hr class=\"wp-block-separator has-alpha-channel-opacity\"\/>\n\n\n\n<div class=\"suapoderado-banner\">\n    <div class=\"legal-badge\">\u2696\ufe0f Servicios Legales<\/div>\n    <h2 class=\"suapoderado-title\">En SuApoderado, nos comprometemos con la justicia social<\/h2>\n    \n    <p>Si enfrentas una situaci\u00f3n legal, estamos aqu\u00ed para ayudarte:<\/p>\n    \n    <ul class=\"suapoderado-list\">\n        <li>Asesor\u00eda legal en casos seleccionados<\/li>\n        <li>Orientaci\u00f3n personalizada<\/li>\n        <li>Compromiso con la equidad y justicia social<\/li>\n    <\/ul>\n\n    <p style=\"margin: 20px 0; font-size: 1.1em;\">\u00a1D\u00e9janos ser tu voz!<\/p>\n\n    <div class=\"contact-buttons\">\n        <a href=\"https:\/\/wa.me\/573241884582\" class=\"cta-button whatsapp-button\">\n            <img decoding=\"async\" src=\"https:\/\/upload.wikimedia.org\/wikipedia\/commons\/6\/6b\/WhatsApp.svg\" class=\"logo-whatsapp\" alt=\"WhatsApp\">\n            WhatsApp: +57 324 188 4582\n        <\/a>\n\n        <a href=\"https:\/\/www.suapoderado.com\/index.php\/contactanos\/\" class=\"cta-button\">\n            \u2709\ufe0f Escr\u00edbenos\n        <\/a>\n\n        <a href=\"http:\/\/www.suapoderado.com\" class=\"cta-button\">\n            \ud83c\udf10 Visita nuestro sitio\n        <\/a>\n    <\/div>\n\n    <p style=\"margin-top: 20px; text-align: center; font-style: italic;\">\n        \ud83c\udf1f SuApoderado: Justicia accesible para todos\n    <\/p>\n<\/div>\n\n<style>\n\/* Contenedor principal *\/\n.suapoderado-banner {\n    background: linear-gradient(135deg, #2c3e50, #3498db);\n    border: 3px solid #e67e22;\n    border-radius: 15px;\n    padding: 25px;\n    margin: 20px 0;\n    position: relative;\n    box-shadow: 0 10px 30px rgba(0,0,0,0.2);\n    overflow: hidden;\n    color: white;\n    font-family: 'Arial', sans-serif;\n    transform: translateY(0);\n    transition: all 0.3s ease;\n}\n\n\/* Efecto de brillo en movimiento *\/\n.suapoderado-banner::before {\n    content: '';\n    position: absolute;\n    top: -50%;\n    left: -50%;\n    width: 200%;\n    height: 200%;\n    background: linear-gradient(45deg, transparent, rgba(255,255,255,0.1), transparent);\n    animation: shine 4s infinite;\n}\n\n@keyframes shine {\n    0% { transform: rotate(0deg) translateX(-50%); }\n    100% { transform: rotate(360deg) translateX(50%); }\n}\n\n\/* Efecto hover *\/\n.suapoderado-banner:hover {\n    transform: translateY(-5px);\n    box-shadow: 0 15px 40px rgba(0,0,0,0.3);\n}\n\n\/* T\u00edtulo *\/\n.suapoderado-title {\n    font-size: 1.8em;\n    color: #e67e22;\n    text-shadow: 2px 2px 4px rgba(0,0,0,0.3);\n    margin-bottom: 15px;\n    position: relative;\n    text-align: center;\n}\n\n\/* Lista *\/\n.suapoderado-list {\n    list-style: none;\n    padding: 0;\n    text-align: left;\n    max-width: 80%;\n    margin: 0 auto;\n}\n\n.suapoderado-list li {\n    padding: 10px;\n    margin: 8px 0;\n    background: rgba(255,255,255,0.1);\n    border-radius: 8px;\n    position: relative;\n    padding-left: 35px;\n}\n\n.suapoderado-list li::before {\n    content: '\u2714';\n    position: absolute;\n    left: 10px;\n    top: 50%;\n    transform: translateY(-50%);\n    color: #e67e22;\n    font-weight: bold;\n}\n\n\/* Botones *\/\n.contact-buttons {\n    display: flex;\n    flex-direction: column;\n    align-items: center;\n    gap: 15px;\n    margin-top: 15px;\n}\n\n.cta-button {\n    display: inline-flex;\n    align-items: center;\n    background: #e67e22;\n    color: white !important;\n    padding: 12px 25px;\n    border-radius: 30px;\n    text-decoration: none;\n    transition: all 0.3s ease;\n    border: 2px solid white;\n    font-size: 1em;\n}\n\n.cta-button:hover {\n    background: #d35400;\n    transform: scale(1.05);\n}\n\n\/* Bot\u00f3n de WhatsApp *\/\n.whatsapp-button {\n    background: #25D366;\n    border-color: #25D366;\n    font-weight: bold;\n}\n\n.whatsapp-button:hover {\n    background: #128C7E;\n}\n\n\/* Logo de WhatsApp *\/\n.logo-whatsapp {\n    width: 24px;\n    height: 24px;\n    margin-right: 10px;\n    filter: brightness(0) invert(1);\n}\n\n\/* Insignia superior *\/\n.legal-badge {\n    position: absolute;\n    top: 10px;\n    right: 10px;\n    background: #e74c3c;\n    padding: 5px 15px;\n    border-radius: 20px;\n    font-size: 0.8em;\n    animation: pulse 2s infinite;\n}\n\n\/* Animaci\u00f3n de la insignia *\/\n@keyframes pulse {\n    0% { transform: scale(1); }\n    50% { transform: scale(1.05); }\n    100% { transform: scale(1); }\n}\n<\/style>\n","protected":false},"excerpt":{"rendered":"<p>\ud83d\udcc5 Colombia, enero de 2025 \u2013 A pocos d\u00edas de vencerse los plazos legales, el Ministerio del Trabajo recuerda a los empleadores la obligaci\u00f3n de consignar las cesant\u00edas de sus trabajadores antes del 14 de febrero y el pago de los intereses de cesant\u00edas hasta el 31 de enero. Intereses de cesant\u00edas: Plazo vence el&#8230;<\/p>\n","protected":false},"author":1,"featured_media":0,"comment_status":"open","ping_status":"open","sticky":false,"template":"","format":"standard","meta":{"_kadence_starter_templates_imported_post":false,"_kad_post_transparent":"","_kad_post_title":"","_kad_post_layout":"","_kad_post_sidebar_id":"","_kad_post_content_style":"","_kad_post_vertical_padding":"","_kad_post_feature":"","_kad_post_feature_position":"","_kad_post_header":false,"_kad_post_footer":false,"footnotes":""},"categories":[15],"tags":[],"class_list":["post-2907","post","type-post","status-publish","format-standard","hentry","category-noticias"],"yoast_head":"<!-- This site is optimized with the Yoast SEO plugin v24.6 - https:\/\/yoast.com\/wordpress\/plugins\/seo\/ -->\n<title>Plazo para el pago de cesant\u00edas e intereses vence pronto - Suapoderado<\/title>\n<meta name=\"robots\" content=\"index, follow, max-snippet:-1, max-image-preview:large, max-video-preview:-1\" \/>\n<link rel=\"canonical\" href=\"https:\/\/suapoderado.com\/index.php\/2025\/01\/29\/plazo-para-el-pago-de-cesantias-e-intereses-vence-pronto\/\" \/>\n<meta property=\"og:locale\" content=\"es_ES\" \/>\n<meta property=\"og:type\" content=\"article\" \/>\n<meta property=\"og:title\" content=\"Plazo para el pago de cesant\u00edas e intereses vence pronto - Suapoderado\" \/>\n<meta property=\"og:description\" content=\"\ud83d\udcc5 Colombia, enero de 2025 \u2013 A pocos d\u00edas de vencerse los plazos legales, el Ministerio del Trabajo recuerda a los empleadores la obligaci\u00f3n de consignar las cesant\u00edas de sus trabajadores antes del 14 de febrero y el pago de los intereses de cesant\u00edas hasta el 31 de enero. Intereses de cesant\u00edas: Plazo vence el...\" \/>\n<meta property=\"og:url\" content=\"https:\/\/suapoderado.com\/index.php\/2025\/01\/29\/plazo-para-el-pago-de-cesantias-e-intereses-vence-pronto\/\" \/>\n<meta property=\"og:site_name\" content=\"Suapoderado\" \/>\n<meta property=\"article:published_time\" content=\"2025-01-29T05:19:56+00:00\" \/>\n<meta property=\"article:modified_time\" content=\"2025-02-02T13:30:27+00:00\" \/>\n<meta property=\"og:image\" content=\"http:\/\/www.suapoderado.com\/wp-content\/uploads\/2025\/01\/descarga-2.jpg\" \/>\n<meta name=\"author\" content=\"mferrerhernandez@suapoderado.com\" \/>\n<meta name=\"twitter:card\" content=\"summary_large_image\" \/>\n<meta name=\"twitter:label1\" content=\"Escrito por\" \/>\n\t<meta name=\"twitter:data1\" content=\"mferrerhernandez@suapoderado.com\" \/>\n\t<meta name=\"twitter:label2\" content=\"Tiempo de lectura\" \/>\n\t<meta name=\"twitter:data2\" content=\"2 minutos\" \/>\n<script type=\"application\/ld+json\" class=\"yoast-schema-graph\">{\"@context\":\"https:\/\/schema.org\",\"@graph\":[{\"@type\":\"Article\",\"@id\":\"https:\/\/suapoderado.com\/index.php\/2025\/01\/29\/plazo-para-el-pago-de-cesantias-e-intereses-vence-pronto\/#article\",\"isPartOf\":{\"@id\":\"https:\/\/suapoderado.com\/index.php\/2025\/01\/29\/plazo-para-el-pago-de-cesantias-e-intereses-vence-pronto\/\"},\"author\":{\"name\":\"mferrerhernandez@suapoderado.com\",\"@id\":\"https:\/\/suapoderado.com\/#\/schema\/person\/cfffd57ddb2b4ab35950b27d9a38240b\"},\"headline\":\"Plazo para el pago de cesant\u00edas e intereses vence pronto\",\"datePublished\":\"2025-01-29T05:19:56+00:00\",\"dateModified\":\"2025-02-02T13:30:27+00:00\",\"mainEntityOfPage\":{\"@id\":\"https:\/\/suapoderado.com\/index.php\/2025\/01\/29\/plazo-para-el-pago-de-cesantias-e-intereses-vence-pronto\/\"},\"wordCount\":306,\"commentCount\":0,\"publisher\":{\"@id\":\"https:\/\/suapoderado.com\/#organization\"},\"image\":{\"@id\":\"https:\/\/suapoderado.com\/index.php\/2025\/01\/29\/plazo-para-el-pago-de-cesantias-e-intereses-vence-pronto\/#primaryimage\"},\"thumbnailUrl\":\"http:\/\/www.suapoderado.com\/wp-content\/uploads\/2025\/01\/descarga-2.jpg\",\"articleSection\":[\"Noticias\"],\"inLanguage\":\"es-CO\",\"potentialAction\":[{\"@type\":\"CommentAction\",\"name\":\"Comment\",\"target\":[\"https:\/\/suapoderado.com\/index.php\/2025\/01\/29\/plazo-para-el-pago-de-cesantias-e-intereses-vence-pronto\/#respond\"]}]},{\"@type\":\"WebPage\",\"@id\":\"https:\/\/suapoderado.com\/index.php\/2025\/01\/29\/plazo-para-el-pago-de-cesantias-e-intereses-vence-pronto\/\",\"url\":\"https:\/\/suapoderado.com\/index.php\/2025\/01\/29\/plazo-para-el-pago-de-cesantias-e-intereses-vence-pronto\/\",\"name\":\"Plazo para el pago de cesant\u00edas e intereses vence pronto - Suapoderado\",\"isPartOf\":{\"@id\":\"https:\/\/suapoderado.com\/#website\"},\"primaryImageOfPage\":{\"@id\":\"https:\/\/suapoderado.com\/index.php\/2025\/01\/29\/plazo-para-el-pago-de-cesantias-e-intereses-vence-pronto\/#primaryimage\"},\"image\":{\"@id\":\"https:\/\/suapoderado.com\/index.php\/2025\/01\/29\/plazo-para-el-pago-de-cesantias-e-intereses-vence-pronto\/#primaryimage\"},\"thumbnailUrl\":\"http:\/\/www.suapoderado.com\/wp-content\/uploads\/2025\/01\/descarga-2.jpg\",\"datePublished\":\"2025-01-29T05:19:56+00:00\",\"dateModified\":\"2025-02-02T13:30:27+00:00\",\"breadcrumb\":{\"@id\":\"https:\/\/suapoderado.com\/index.php\/2025\/01\/29\/plazo-para-el-pago-de-cesantias-e-intereses-vence-pronto\/#breadcrumb\"},\"inLanguage\":\"es-CO\",\"potentialAction\":[{\"@type\":\"ReadAction\",\"target\":[\"https:\/\/suapoderado.com\/index.php\/2025\/01\/29\/plazo-para-el-pago-de-cesantias-e-intereses-vence-pronto\/\"]}]},{\"@type\":\"ImageObject\",\"inLanguage\":\"es-CO\",\"@id\":\"https:\/\/suapoderado.com\/index.php\/2025\/01\/29\/plazo-para-el-pago-de-cesantias-e-intereses-vence-pronto\/#primaryimage\",\"url\":\"http:\/\/www.suapoderado.com\/wp-content\/uploads\/2025\/01\/descarga-2.jpg\",\"contentUrl\":\"http:\/\/www.suapoderado.com\/wp-content\/uploads\/2025\/01\/descarga-2.jpg\"},{\"@type\":\"BreadcrumbList\",\"@id\":\"https:\/\/suapoderado.com\/index.php\/2025\/01\/29\/plazo-para-el-pago-de-cesantias-e-intereses-vence-pronto\/#breadcrumb\",\"itemListElement\":[{\"@type\":\"ListItem\",\"position\":1,\"name\":\"Inicio\",\"item\":\"https:\/\/suapoderado.com\/\"},{\"@type\":\"ListItem\",\"position\":2,\"name\":\"Plazo para el pago de cesant\u00edas e intereses vence pronto\"}]},{\"@type\":\"WebSite\",\"@id\":\"https:\/\/suapoderado.com\/#website\",\"url\":\"https:\/\/suapoderado.com\/\",\"name\":\"Suapoderado\",\"description\":\"Ferrer &amp; Hern\u00e1ndez Abogados\",\"publisher\":{\"@id\":\"https:\/\/suapoderado.com\/#organization\"},\"potentialAction\":[{\"@type\":\"SearchAction\",\"target\":{\"@type\":\"EntryPoint\",\"urlTemplate\":\"https:\/\/suapoderado.com\/?s={search_term_string}\"},\"query-input\":{\"@type\":\"PropertyValueSpecification\",\"valueRequired\":true,\"valueName\":\"search_term_string\"}}],\"inLanguage\":\"es-CO\"},{\"@type\":\"Organization\",\"@id\":\"https:\/\/suapoderado.com\/#organization\",\"name\":\"Suapoderado\",\"alternateName\":\"Ferrer & Hernandez Abogados\",\"url\":\"https:\/\/suapoderado.com\/\",\"logo\":{\"@type\":\"ImageObject\",\"inLanguage\":\"es-CO\",\"@id\":\"https:\/\/suapoderado.com\/#\/schema\/logo\/image\/\",\"url\":\"http:\/\/www.suapoderado.com\/wp-content\/uploads\/2025\/02\/favicon_suapoderado_final_48x48.png\",\"contentUrl\":\"http:\/\/www.suapoderado.com\/wp-content\/uploads\/2025\/02\/favicon_suapoderado_final_48x48.png\",\"width\":48,\"height\":48,\"caption\":\"Suapoderado\"},\"image\":{\"@id\":\"https:\/\/suapoderado.com\/#\/schema\/logo\/image\/\"}},{\"@type\":\"Person\",\"@id\":\"https:\/\/suapoderado.com\/#\/schema\/person\/cfffd57ddb2b4ab35950b27d9a38240b\",\"name\":\"mferrerhernandez@suapoderado.com\",\"image\":{\"@type\":\"ImageObject\",\"inLanguage\":\"es-CO\",\"@id\":\"https:\/\/suapoderado.com\/#\/schema\/person\/image\/\",\"url\":\"https:\/\/secure.gravatar.com\/avatar\/81d200cdcda114b1b55f13aa2898eb27?s=96&d=mm&r=g\",\"contentUrl\":\"https:\/\/secure.gravatar.com\/avatar\/81d200cdcda114b1b55f13aa2898eb27?s=96&d=mm&r=g\",\"caption\":\"mferrerhernandez@suapoderado.com\"},\"sameAs\":[\"http:\/\/wwww.suapoderado.com\"],\"url\":\"https:\/\/suapoderado.com\/index.php\/author\/mferrerhernandezhotmail-com\/\"}]}<\/script>\n<!-- \/ Yoast SEO plugin. -->","yoast_head_json":{"title":"Plazo para el pago de cesant\u00edas e intereses vence pronto - Suapoderado","robots":{"index":"index","follow":"follow","max-snippet":"max-snippet:-1","max-image-preview":"max-image-preview:large","max-video-preview":"max-video-preview:-1"},"canonical":"https:\/\/suapoderado.com\/index.php\/2025\/01\/29\/plazo-para-el-pago-de-cesantias-e-intereses-vence-pronto\/","og_locale":"es_ES","og_type":"article","og_title":"Plazo para el pago de cesant\u00edas e intereses vence pronto - Suapoderado","og_description":"\ud83d\udcc5 Colombia, enero de 2025 \u2013 A pocos d\u00edas de vencerse los plazos legales, el Ministerio del Trabajo recuerda a los empleadores la obligaci\u00f3n de consignar las cesant\u00edas de sus trabajadores antes del 14 de febrero y el pago de los intereses de cesant\u00edas hasta el 31 de enero. Intereses de cesant\u00edas: Plazo vence el...","og_url":"https:\/\/suapoderado.com\/index.php\/2025\/01\/29\/plazo-para-el-pago-de-cesantias-e-intereses-vence-pronto\/","og_site_name":"Suapoderado","article_published_time":"2025-01-29T05:19:56+00:00","article_modified_time":"2025-02-02T13:30:27+00:00","og_image":[{"url":"http:\/\/www.suapoderado.com\/wp-content\/uploads\/2025\/01\/descarga-2.jpg","type":"","width":"","height":""}],"author":"mferrerhernandez@suapoderado.com","twitter_card":"summary_large_image","twitter_misc":{"Escrito por":"mferrerhernandez@suapoderado.com","Tiempo de lectura":"2 minutos"},"schema":{"@context":"https:\/\/schema.org","@graph":[{"@type":"Article","@id":"https:\/\/suapoderado.com\/index.php\/2025\/01\/29\/plazo-para-el-pago-de-cesantias-e-intereses-vence-pronto\/#article","isPartOf":{"@id":"https:\/\/suapoderado.com\/index.php\/2025\/01\/29\/plazo-para-el-pago-de-cesantias-e-intereses-vence-pronto\/"},"author":{"name":"mferrerhernandez@suapoderado.com","@id":"https:\/\/suapoderado.com\/#\/schema\/person\/cfffd57ddb2b4ab35950b27d9a38240b"},"headline":"Plazo para el pago de cesant\u00edas e intereses vence pronto","datePublished":"2025-01-29T05:19:56+00:00","dateModified":"2025-02-02T13:30:27+00:00","mainEntityOfPage":{"@id":"https:\/\/suapoderado.com\/index.php\/2025\/01\/29\/plazo-para-el-pago-de-cesantias-e-intereses-vence-pronto\/"},"wordCount":306,"commentCount":0,"publisher":{"@id":"https:\/\/suapoderado.com\/#organization"},"image":{"@id":"https:\/\/suapoderado.com\/index.php\/2025\/01\/29\/plazo-para-el-pago-de-cesantias-e-intereses-vence-pronto\/#primaryimage"},"thumbnailUrl":"http:\/\/www.suapoderado.com\/wp-content\/uploads\/2025\/01\/descarga-2.jpg","articleSection":["Noticias"],"inLanguage":"es-CO","potentialAction":[{"@type":"CommentAction","name":"Comment","target":["https:\/\/suapoderado.com\/index.php\/2025\/01\/29\/plazo-para-el-pago-de-cesantias-e-intereses-vence-pronto\/#respond"]}]},{"@type":"WebPage","@id":"https:\/\/suapoderado.com\/index.php\/2025\/01\/29\/plazo-para-el-pago-de-cesantias-e-intereses-vence-pronto\/","url":"https:\/\/suapoderado.com\/index.php\/2025\/01\/29\/plazo-para-el-pago-de-cesantias-e-intereses-vence-pronto\/","name":"Plazo para el pago de cesant\u00edas e intereses vence pronto - Suapoderado","isPartOf":{"@id":"https:\/\/suapoderado.com\/#website"},"primaryImageOfPage":{"@id":"https:\/\/suapoderado.com\/index.php\/2025\/01\/29\/plazo-para-el-pago-de-cesantias-e-intereses-vence-pronto\/#primaryimage"},"image":{"@id":"https:\/\/suapoderado.com\/index.php\/2025\/01\/29\/plazo-para-el-pago-de-cesantias-e-intereses-vence-pronto\/#primaryimage"},"thumbnailUrl":"http:\/\/www.suapoderado.com\/wp-content\/uploads\/2025\/01\/descarga-2.jpg","datePublished":"2025-01-29T05:19:56+00:00","dateModified":"2025-02-02T13:30:27+00:00","breadcrumb":{"@id":"https:\/\/suapoderado.com\/index.php\/2025\/01\/29\/plazo-para-el-pago-de-cesantias-e-intereses-vence-pronto\/#breadcrumb"},"inLanguage":"es-CO","potentialAction":[{"@type":"ReadAction","target":["https:\/\/suapoderado.com\/index.php\/2025\/01\/29\/plazo-para-el-pago-de-cesantias-e-intereses-vence-pronto\/"]}]},{"@type":"ImageObject","inLanguage":"es-CO","@id":"https:\/\/suapoderado.com\/index.php\/2025\/01\/29\/plazo-para-el-pago-de-cesantias-e-intereses-vence-pronto\/#primaryimage","url":"http:\/\/www.suapoderado.com\/wp-content\/uploads\/2025\/01\/descarga-2.jpg","contentUrl":"http:\/\/www.suapoderado.com\/wp-content\/uploads\/2025\/01\/descarga-2.jpg"},{"@type":"BreadcrumbList","@id":"https:\/\/suapoderado.com\/index.php\/2025\/01\/29\/plazo-para-el-pago-de-cesantias-e-intereses-vence-pronto\/#breadcrumb","itemListElement":[{"@type":"ListItem","position":1,"name":"Inicio","item":"https:\/\/suapoderado.com\/"},{"@type":"ListItem","position":2,"name":"Plazo para el pago de cesant\u00edas e intereses vence pronto"}]},{"@type":"WebSite","@id":"https:\/\/suapoderado.com\/#website","url":"https:\/\/suapoderado.com\/","name":"Suapoderado","description":"Ferrer &amp; Hern\u00e1ndez Abogados","publisher":{"@id":"https:\/\/suapoderado.com\/#organization"},"potentialAction":[{"@type":"SearchAction","target":{"@type":"EntryPoint","urlTemplate":"https:\/\/suapoderado.com\/?s={search_term_string}"},"query-input":{"@type":"PropertyValueSpecification","valueRequired":true,"valueName":"search_term_string"}}],"inLanguage":"es-CO"},{"@type":"Organization","@id":"https:\/\/suapoderado.com\/#organization","name":"Suapoderado","alternateName":"Ferrer & Hernandez Abogados","url":"https:\/\/suapoderado.com\/","logo":{"@type":"ImageObject","inLanguage":"es-CO","@id":"https:\/\/suapoderado.com\/#\/schema\/logo\/image\/","url":"http:\/\/www.suapoderado.com\/wp-content\/uploads\/2025\/02\/favicon_suapoderado_final_48x48.png","contentUrl":"http:\/\/www.suapoderado.com\/wp-content\/uploads\/2025\/02\/favicon_suapoderado_final_48x48.png","width":48,"height":48,"caption":"Suapoderado"},"image":{"@id":"https:\/\/suapoderado.com\/#\/schema\/logo\/image\/"}},{"@type":"Person","@id":"https:\/\/suapoderado.com\/#\/schema\/person\/cfffd57ddb2b4ab35950b27d9a38240b","name":"mferrerhernandez@suapoderado.com","image":{"@type":"ImageObject","inLanguage":"es-CO","@id":"https:\/\/suapoderado.com\/#\/schema\/person\/image\/","url":"https:\/\/secure.gravatar.com\/avatar\/81d200cdcda114b1b55f13aa2898eb27?s=96&d=mm&r=g","contentUrl":"https:\/\/secure.gravatar.com\/avatar\/81d200cdcda114b1b55f13aa2898eb27?s=96&d=mm&r=g","caption":"mferrerhernandez@suapoderado.com"},"sameAs":["http:\/\/wwww.suapoderado.com"],"url":"https:\/\/suapoderado.com\/index.php\/author\/mferrerhernandezhotmail-com\/"}]}},"_links":{"self":[{"href":"https:\/\/suapoderado.com\/index.php\/wp-json\/wp\/v2\/posts\/2907","targetHints":{"allow":["GET"]}}],"collection":[{"href":"https:\/\/suapoderado.com\/index.php\/wp-json\/wp\/v2\/posts"}],"about":[{"href":"https:\/\/suapoderado.com\/index.php\/wp-json\/wp\/v2\/types\/post"}],"author":[{"embeddable":true,"href":"https:\/\/suapoderado.com\/index.php\/wp-json\/wp\/v2\/users\/1"}],"replies":[{"embeddable":true,"href":"https:\/\/suapoderado.com\/index.php\/wp-json\/wp\/v2\/comments?post=2907"}],"version-history":[{"count":4,"href":"https:\/\/suapoderado.com\/index.php\/wp-json\/wp\/v2\/posts\/2907\/revisions"}],"predecessor-version":[{"id":2939,"href":"https:\/\/suapoderado.com\/index.php\/wp-json\/wp\/v2\/posts\/2907\/revisions\/2939"}],"wp:attachment":[{"href":"https:\/\/suapoderado.com\/index.php\/wp-json\/wp\/v2\/media?parent=2907"}],"wp:term":[{"taxonomy":"category","embeddable":true,"href":"https:\/\/suapoderado.com\/index.php\/wp-json\/wp\/v2\/categories?post=2907"},{"taxonomy":"post_tag","embeddable":true,"href":"https:\/\/suapoderado.com\/index.php\/wp-json\/wp\/v2\/tags?post=2907"}],"curies":[{"name":"wp","href":"https:\/\/api.w.org\/{rel}","templated":true}]}}