{"id":3727,"date":"2025-02-16T16:20:03","date_gmt":"2025-02-16T16:20:03","guid":{"rendered":"https:\/\/suapoderado.com\/?p=3727"},"modified":"2025-02-16T16:26:20","modified_gmt":"2025-02-16T16:26:20","slug":"nueva-refuerza-la-defensa-del-consumidor-un-avance-real-en-la-proteccion-del-consumidor-o-una-medida-insuficiente","status":"publish","type":"post","link":"https:\/\/suapoderado.com\/index.php\/2025\/02\/16\/nueva-refuerza-la-defensa-del-consumidor-un-avance-real-en-la-proteccion-del-consumidor-o-una-medida-insuficiente\/","title":{"rendered":"Nueva Ley refuerza la defensa del consumidor: \u00bfAvance real o medida insuficiente?&#8221;"},"content":{"rendered":"\n<div class=\"wp-block-media-text is-stacked-on-mobile\"><figure class=\"wp-block-media-text__media\"><img fetchpriority=\"high\" decoding=\"async\" width=\"1024\" height=\"1024\" src=\"https:\/\/suapoderado.com\/wp-content\/uploads\/2025\/02\/image-1.webp\" alt=\"\" class=\"wp-image-3728 size-full\" srcset=\"https:\/\/suapoderado.com\/wp-content\/uploads\/2025\/02\/image-1.webp 1024w, https:\/\/suapoderado.com\/wp-content\/uploads\/2025\/02\/image-1-300x300.webp 300w, https:\/\/suapoderado.com\/wp-content\/uploads\/2025\/02\/image-1-150x150.webp 150w, https:\/\/suapoderado.com\/wp-content\/uploads\/2025\/02\/image-1-768x768.webp 768w\" sizes=\"(max-width: 1024px) 100vw, 1024px\" \/><\/figure><div class=\"wp-block-media-text__content\">\n<h2 class=\"wp-block-heading\">Nueva Ley refuerza la defensa del consumidor: \u00bfAvance real o medida insuficiente?&#8221;<\/h2>\n\n\n\n<p><strong>Bogot\u00e1, Colombia<\/strong> \u2013 Con la promulgaci\u00f3n de la <strong>Ley 2444 del 10 de febrero de 2025<\/strong>, el Gobierno busca fortalecer los derechos de los consumidores al regular el uso del <strong>&#8220;llamamiento en garant\u00eda&#8221;<\/strong> en disputas de consumo. Sin embargo, aunque la norma unifica criterios procesales y ampl\u00eda su aplicaci\u00f3n al sector tur\u00edstico, algunos expertos cuestionan su efectividad en la pr\u00e1ctica.<\/p>\n\n\n\n<hr class=\"wp-block-separator has-alpha-channel-opacity\"\/>\n\n\n\n<h2 class=\"wp-block-heading\"><strong>\u00bfQu\u00e9 establece la Ley 2444?<\/strong><\/h2>\n\n\n\n<p>La nueva legislaci\u00f3n modifica el <strong>art\u00edculo 58 de la Ley 1480 de 2011<\/strong>, permitiendo que, en procesos de protecci\u00f3n al consumidor dentro de la jurisdicci\u00f3n de la <strong>Superintendencia de Industria y Comercio (SIC)<\/strong>, los demandados llamen a terceros responsables al proceso.<\/p>\n\n\n\n<p>En el sector turismo, esto se traduce en que los consumidores pueden exigir <strong>reembolsos o indemnizaciones<\/strong> no solo a una agencia de viajes, sino tambi\u00e9n a aerol\u00edneas involucradas en el servicio, lo que te\u00f3ricamente deber\u00eda <strong>agilizar la reparaci\u00f3n de da\u00f1os<\/strong> sufridos por los usuarios.<\/p>\n<\/div><\/div>\n\n\n\n<h3 class=\"wp-block-heading\"><strong>Las limitaciones del &#8220;llamamiento en garant\u00eda&#8221;<\/strong><\/h3>\n\n\n\n<p>Si bien la ley representa un avance en la formalizaci\u00f3n de este mecanismo, algunos analistas han se\u00f1alado <strong>serias limitaciones<\/strong> que podr\u00edan afectar su aplicaci\u00f3n efectiva:<\/p>\n\n\n\n<ul class=\"wp-block-list\">\n<li><strong>Barreras procesales:<\/strong> La norma establece que si la notificaci\u00f3n al tercero responsable no se logra en <strong>dos meses<\/strong>, el llamamiento ser\u00e1 <strong>ineficaz<\/strong>. Esto podr\u00eda ser un obst\u00e1culo para los consumidores, quienes dependen de la rapidez del proceso para obtener una compensaci\u00f3n justa.<\/li>\n\n\n\n<li><strong>Carga probatoria sobre el consumidor:<\/strong> A pesar de que el llamamiento busca repartir la responsabilidad, <strong>el consumidor a\u00fan debe probar el da\u00f1o y la relaci\u00f3n con los involucrados<\/strong>, lo que podr\u00eda alargar los tiempos de resoluci\u00f3n.<\/li>\n\n\n\n<li><strong>Falta de automatizaci\u00f3n en la SIC:<\/strong> Para que el mecanismo funcione de manera eficiente, se requiere una <strong>gesti\u00f3n \u00e1gil de notificaciones<\/strong> y de respuestas por parte de las empresas involucradas, lo que podr\u00eda ser un reto para la Superintendencia si no se modernizan sus procedimientos.<\/li>\n<\/ul>\n\n\n\n<h2 class=\"wp-block-heading\"><strong>\u00bfBeneficio real o formalismo legal?<\/strong><\/h2>\n\n\n\n<p>El \u00e9xito de la Ley 2444 depender\u00e1 en gran medida de su aplicaci\u00f3n efectiva. Mientras que en teor\u00eda ofrece una herramienta para mejorar la protecci\u00f3n del consumidor, en la pr\u00e1ctica a\u00fan existen vac\u00edos que podr\u00edan convertirla en un <strong>recurso ineficaz si no se agilizan los procesos administrativos<\/strong>.<\/p>\n\n\n\n<p>Los consumidores colombianos ahora cuentan con un mecanismo adicional para exigir sus derechos, pero la gran pregunta sigue en el aire: <strong>\u00bfser\u00e1 suficiente para garantizar una protecci\u00f3n efectiva o ser\u00e1 solo un nuevo tr\u00e1mite en la burocracia?<\/strong><\/p>\n","protected":false},"excerpt":{"rendered":"<p>Las limitaciones del &#8220;llamamiento en garant\u00eda&#8221; Si bien la ley representa un avance en la formalizaci\u00f3n de este mecanismo, algunos analistas han se\u00f1alado serias limitaciones que podr\u00edan afectar su aplicaci\u00f3n efectiva: \u00bfBeneficio real o formalismo legal? El \u00e9xito de la Ley 2444 depender\u00e1 en gran medida de su aplicaci\u00f3n efectiva. Mientras que en teor\u00eda ofrece&#8230;<\/p>\n","protected":false},"author":1,"featured_media":0,"comment_status":"open","ping_status":"open","sticky":false,"template":"","format":"standard","meta":{"_kadence_starter_templates_imported_post":false,"_kad_post_transparent":"","_kad_post_title":"","_kad_post_layout":"","_kad_post_sidebar_id":"","_kad_post_content_style":"","_kad_post_vertical_padding":"","_kad_post_feature":"","_kad_post_feature_position":"","_kad_post_header":false,"_kad_post_footer":false,"footnotes":""},"categories":[15],"tags":[],"class_list":["post-3727","post","type-post","status-publish","format-standard","hentry","category-noticias"],"yoast_head":"<!-- This site is optimized with the Yoast SEO plugin v24.6 - https:\/\/yoast.com\/wordpress\/plugins\/seo\/ -->\n<title>Nueva Ley refuerza la defensa del consumidor: \u00bfAvance real o medida insuficiente?&quot; - Suapoderado<\/title>\n<meta name=\"robots\" content=\"index, follow, max-snippet:-1, max-image-preview:large, max-video-preview:-1\" \/>\n<link rel=\"canonical\" href=\"https:\/\/suapoderado.com\/index.php\/2025\/02\/16\/nueva-refuerza-la-defensa-del-consumidor-un-avance-real-en-la-proteccion-del-consumidor-o-una-medida-insuficiente\/\" \/>\n<meta property=\"og:locale\" content=\"es_ES\" \/>\n<meta property=\"og:type\" content=\"article\" \/>\n<meta property=\"og:title\" content=\"Nueva Ley refuerza la defensa del consumidor: \u00bfAvance real o medida insuficiente?&quot; - Suapoderado\" \/>\n<meta property=\"og:description\" content=\"Las limitaciones del &#8220;llamamiento en garant\u00eda&#8221; Si bien la ley representa un avance en la formalizaci\u00f3n de este mecanismo, algunos analistas han se\u00f1alado serias limitaciones que podr\u00edan afectar su aplicaci\u00f3n efectiva: \u00bfBeneficio real o formalismo legal? El \u00e9xito de la Ley 2444 depender\u00e1 en gran medida de su aplicaci\u00f3n efectiva. Mientras que en teor\u00eda ofrece...\" \/>\n<meta property=\"og:url\" content=\"https:\/\/suapoderado.com\/index.php\/2025\/02\/16\/nueva-refuerza-la-defensa-del-consumidor-un-avance-real-en-la-proteccion-del-consumidor-o-una-medida-insuficiente\/\" \/>\n<meta property=\"og:site_name\" content=\"Suapoderado\" \/>\n<meta property=\"article:published_time\" content=\"2025-02-16T16:20:03+00:00\" \/>\n<meta property=\"article:modified_time\" content=\"2025-02-16T16:26:20+00:00\" \/>\n<meta property=\"og:image\" content=\"https:\/\/suapoderado.com\/wp-content\/uploads\/2025\/02\/image-1.webp\" \/>\n\t<meta property=\"og:image:width\" content=\"1024\" \/>\n\t<meta property=\"og:image:height\" content=\"1024\" \/>\n\t<meta property=\"og:image:type\" content=\"image\/webp\" \/>\n<meta name=\"author\" content=\"mferrerhernandez@suapoderado.com\" \/>\n<meta name=\"twitter:card\" content=\"summary_large_image\" \/>\n<meta name=\"twitter:label1\" content=\"Escrito por\" \/>\n\t<meta name=\"twitter:data1\" content=\"mferrerhernandez@suapoderado.com\" \/>\n\t<meta name=\"twitter:label2\" content=\"Tiempo de lectura\" \/>\n\t<meta name=\"twitter:data2\" content=\"3 minutos\" \/>\n<script type=\"application\/ld+json\" class=\"yoast-schema-graph\">{\"@context\":\"https:\/\/schema.org\",\"@graph\":[{\"@type\":\"Article\",\"@id\":\"https:\/\/suapoderado.com\/index.php\/2025\/02\/16\/nueva-refuerza-la-defensa-del-consumidor-un-avance-real-en-la-proteccion-del-consumidor-o-una-medida-insuficiente\/#article\",\"isPartOf\":{\"@id\":\"https:\/\/suapoderado.com\/index.php\/2025\/02\/16\/nueva-refuerza-la-defensa-del-consumidor-un-avance-real-en-la-proteccion-del-consumidor-o-una-medida-insuficiente\/\"},\"author\":{\"name\":\"mferrerhernandez@suapoderado.com\",\"@id\":\"https:\/\/suapoderado.com\/#\/schema\/person\/cfffd57ddb2b4ab35950b27d9a38240b\"},\"headline\":\"Nueva Ley refuerza la defensa del consumidor: \u00bfAvance real o medida insuficiente?&#8221;\",\"datePublished\":\"2025-02-16T16:20:03+00:00\",\"dateModified\":\"2025-02-16T16:26:20+00:00\",\"mainEntityOfPage\":{\"@id\":\"https:\/\/suapoderado.com\/index.php\/2025\/02\/16\/nueva-refuerza-la-defensa-del-consumidor-un-avance-real-en-la-proteccion-del-consumidor-o-una-medida-insuficiente\/\"},\"wordCount\":450,\"commentCount\":0,\"publisher\":{\"@id\":\"https:\/\/suapoderado.com\/#organization\"},\"image\":{\"@id\":\"https:\/\/suapoderado.com\/index.php\/2025\/02\/16\/nueva-refuerza-la-defensa-del-consumidor-un-avance-real-en-la-proteccion-del-consumidor-o-una-medida-insuficiente\/#primaryimage\"},\"thumbnailUrl\":\"https:\/\/suapoderado.com\/wp-content\/uploads\/2025\/02\/image-1.webp\",\"articleSection\":[\"Noticias\"],\"inLanguage\":\"es-CO\",\"potentialAction\":[{\"@type\":\"CommentAction\",\"name\":\"Comment\",\"target\":[\"https:\/\/suapoderado.com\/index.php\/2025\/02\/16\/nueva-refuerza-la-defensa-del-consumidor-un-avance-real-en-la-proteccion-del-consumidor-o-una-medida-insuficiente\/#respond\"]}]},{\"@type\":\"WebPage\",\"@id\":\"https:\/\/suapoderado.com\/index.php\/2025\/02\/16\/nueva-refuerza-la-defensa-del-consumidor-un-avance-real-en-la-proteccion-del-consumidor-o-una-medida-insuficiente\/\",\"url\":\"https:\/\/suapoderado.com\/index.php\/2025\/02\/16\/nueva-refuerza-la-defensa-del-consumidor-un-avance-real-en-la-proteccion-del-consumidor-o-una-medida-insuficiente\/\",\"name\":\"Nueva Ley refuerza la defensa del consumidor: \u00bfAvance real o medida insuficiente?\\\" - Suapoderado\",\"isPartOf\":{\"@id\":\"https:\/\/suapoderado.com\/#website\"},\"primaryImageOfPage\":{\"@id\":\"https:\/\/suapoderado.com\/index.php\/2025\/02\/16\/nueva-refuerza-la-defensa-del-consumidor-un-avance-real-en-la-proteccion-del-consumidor-o-una-medida-insuficiente\/#primaryimage\"},\"image\":{\"@id\":\"https:\/\/suapoderado.com\/index.php\/2025\/02\/16\/nueva-refuerza-la-defensa-del-consumidor-un-avance-real-en-la-proteccion-del-consumidor-o-una-medida-insuficiente\/#primaryimage\"},\"thumbnailUrl\":\"https:\/\/suapoderado.com\/wp-content\/uploads\/2025\/02\/image-1.webp\",\"datePublished\":\"2025-02-16T16:20:03+00:00\",\"dateModified\":\"2025-02-16T16:26:20+00:00\",\"breadcrumb\":{\"@id\":\"https:\/\/suapoderado.com\/index.php\/2025\/02\/16\/nueva-refuerza-la-defensa-del-consumidor-un-avance-real-en-la-proteccion-del-consumidor-o-una-medida-insuficiente\/#breadcrumb\"},\"inLanguage\":\"es-CO\",\"potentialAction\":[{\"@type\":\"ReadAction\",\"target\":[\"https:\/\/suapoderado.com\/index.php\/2025\/02\/16\/nueva-refuerza-la-defensa-del-consumidor-un-avance-real-en-la-proteccion-del-consumidor-o-una-medida-insuficiente\/\"]}]},{\"@type\":\"ImageObject\",\"inLanguage\":\"es-CO\",\"@id\":\"https:\/\/suapoderado.com\/index.php\/2025\/02\/16\/nueva-refuerza-la-defensa-del-consumidor-un-avance-real-en-la-proteccion-del-consumidor-o-una-medida-insuficiente\/#primaryimage\",\"url\":\"https:\/\/suapoderado.com\/wp-content\/uploads\/2025\/02\/image-1.webp\",\"contentUrl\":\"https:\/\/suapoderado.com\/wp-content\/uploads\/2025\/02\/image-1.webp\",\"width\":1024,\"height\":1024},{\"@type\":\"BreadcrumbList\",\"@id\":\"https:\/\/suapoderado.com\/index.php\/2025\/02\/16\/nueva-refuerza-la-defensa-del-consumidor-un-avance-real-en-la-proteccion-del-consumidor-o-una-medida-insuficiente\/#breadcrumb\",\"itemListElement\":[{\"@type\":\"ListItem\",\"position\":1,\"name\":\"Inicio\",\"item\":\"https:\/\/suapoderado.com\/\"},{\"@type\":\"ListItem\",\"position\":2,\"name\":\"Nueva Ley refuerza la defensa del consumidor: \u00bfAvance real o medida insuficiente?&#8221;\"}]},{\"@type\":\"WebSite\",\"@id\":\"https:\/\/suapoderado.com\/#website\",\"url\":\"https:\/\/suapoderado.com\/\",\"name\":\"Suapoderado\",\"description\":\"Ferrer &amp; Hern\u00e1ndez Abogados\",\"publisher\":{\"@id\":\"https:\/\/suapoderado.com\/#organization\"},\"potentialAction\":[{\"@type\":\"SearchAction\",\"target\":{\"@type\":\"EntryPoint\",\"urlTemplate\":\"https:\/\/suapoderado.com\/?s={search_term_string}\"},\"query-input\":{\"@type\":\"PropertyValueSpecification\",\"valueRequired\":true,\"valueName\":\"search_term_string\"}}],\"inLanguage\":\"es-CO\"},{\"@type\":\"Organization\",\"@id\":\"https:\/\/suapoderado.com\/#organization\",\"name\":\"Suapoderado\",\"alternateName\":\"Ferrer & Hernandez Abogados\",\"url\":\"https:\/\/suapoderado.com\/\",\"logo\":{\"@type\":\"ImageObject\",\"inLanguage\":\"es-CO\",\"@id\":\"https:\/\/suapoderado.com\/#\/schema\/logo\/image\/\",\"url\":\"http:\/\/www.suapoderado.com\/wp-content\/uploads\/2025\/02\/favicon_suapoderado_final_48x48.png\",\"contentUrl\":\"http:\/\/www.suapoderado.com\/wp-content\/uploads\/2025\/02\/favicon_suapoderado_final_48x48.png\",\"width\":48,\"height\":48,\"caption\":\"Suapoderado\"},\"image\":{\"@id\":\"https:\/\/suapoderado.com\/#\/schema\/logo\/image\/\"}},{\"@type\":\"Person\",\"@id\":\"https:\/\/suapoderado.com\/#\/schema\/person\/cfffd57ddb2b4ab35950b27d9a38240b\",\"name\":\"mferrerhernandez@suapoderado.com\",\"image\":{\"@type\":\"ImageObject\",\"inLanguage\":\"es-CO\",\"@id\":\"https:\/\/suapoderado.com\/#\/schema\/person\/image\/\",\"url\":\"https:\/\/secure.gravatar.com\/avatar\/81d200cdcda114b1b55f13aa2898eb27?s=96&d=mm&r=g\",\"contentUrl\":\"https:\/\/secure.gravatar.com\/avatar\/81d200cdcda114b1b55f13aa2898eb27?s=96&d=mm&r=g\",\"caption\":\"mferrerhernandez@suapoderado.com\"},\"sameAs\":[\"http:\/\/wwww.suapoderado.com\"],\"url\":\"https:\/\/suapoderado.com\/index.php\/author\/mferrerhernandezhotmail-com\/\"}]}<\/script>\n<!-- \/ Yoast SEO plugin. -->","yoast_head_json":{"title":"Nueva Ley refuerza la defensa del consumidor: \u00bfAvance real o medida insuficiente?\" - Suapoderado","robots":{"index":"index","follow":"follow","max-snippet":"max-snippet:-1","max-image-preview":"max-image-preview:large","max-video-preview":"max-video-preview:-1"},"canonical":"https:\/\/suapoderado.com\/index.php\/2025\/02\/16\/nueva-refuerza-la-defensa-del-consumidor-un-avance-real-en-la-proteccion-del-consumidor-o-una-medida-insuficiente\/","og_locale":"es_ES","og_type":"article","og_title":"Nueva Ley refuerza la defensa del consumidor: \u00bfAvance real o medida insuficiente?\" - Suapoderado","og_description":"Las limitaciones del &#8220;llamamiento en garant\u00eda&#8221; Si bien la ley representa un avance en la formalizaci\u00f3n de este mecanismo, algunos analistas han se\u00f1alado serias limitaciones que podr\u00edan afectar su aplicaci\u00f3n efectiva: \u00bfBeneficio real o formalismo legal? El \u00e9xito de la Ley 2444 depender\u00e1 en gran medida de su aplicaci\u00f3n efectiva. Mientras que en teor\u00eda ofrece...","og_url":"https:\/\/suapoderado.com\/index.php\/2025\/02\/16\/nueva-refuerza-la-defensa-del-consumidor-un-avance-real-en-la-proteccion-del-consumidor-o-una-medida-insuficiente\/","og_site_name":"Suapoderado","article_published_time":"2025-02-16T16:20:03+00:00","article_modified_time":"2025-02-16T16:26:20+00:00","og_image":[{"width":1024,"height":1024,"url":"https:\/\/suapoderado.com\/wp-content\/uploads\/2025\/02\/image-1.webp","type":"image\/webp"}],"author":"mferrerhernandez@suapoderado.com","twitter_card":"summary_large_image","twitter_misc":{"Escrito por":"mferrerhernandez@suapoderado.com","Tiempo de lectura":"3 minutos"},"schema":{"@context":"https:\/\/schema.org","@graph":[{"@type":"Article","@id":"https:\/\/suapoderado.com\/index.php\/2025\/02\/16\/nueva-refuerza-la-defensa-del-consumidor-un-avance-real-en-la-proteccion-del-consumidor-o-una-medida-insuficiente\/#article","isPartOf":{"@id":"https:\/\/suapoderado.com\/index.php\/2025\/02\/16\/nueva-refuerza-la-defensa-del-consumidor-un-avance-real-en-la-proteccion-del-consumidor-o-una-medida-insuficiente\/"},"author":{"name":"mferrerhernandez@suapoderado.com","@id":"https:\/\/suapoderado.com\/#\/schema\/person\/cfffd57ddb2b4ab35950b27d9a38240b"},"headline":"Nueva Ley refuerza la defensa del consumidor: \u00bfAvance real o medida insuficiente?&#8221;","datePublished":"2025-02-16T16:20:03+00:00","dateModified":"2025-02-16T16:26:20+00:00","mainEntityOfPage":{"@id":"https:\/\/suapoderado.com\/index.php\/2025\/02\/16\/nueva-refuerza-la-defensa-del-consumidor-un-avance-real-en-la-proteccion-del-consumidor-o-una-medida-insuficiente\/"},"wordCount":450,"commentCount":0,"publisher":{"@id":"https:\/\/suapoderado.com\/#organization"},"image":{"@id":"https:\/\/suapoderado.com\/index.php\/2025\/02\/16\/nueva-refuerza-la-defensa-del-consumidor-un-avance-real-en-la-proteccion-del-consumidor-o-una-medida-insuficiente\/#primaryimage"},"thumbnailUrl":"https:\/\/suapoderado.com\/wp-content\/uploads\/2025\/02\/image-1.webp","articleSection":["Noticias"],"inLanguage":"es-CO","potentialAction":[{"@type":"CommentAction","name":"Comment","target":["https:\/\/suapoderado.com\/index.php\/2025\/02\/16\/nueva-refuerza-la-defensa-del-consumidor-un-avance-real-en-la-proteccion-del-consumidor-o-una-medida-insuficiente\/#respond"]}]},{"@type":"WebPage","@id":"https:\/\/suapoderado.com\/index.php\/2025\/02\/16\/nueva-refuerza-la-defensa-del-consumidor-un-avance-real-en-la-proteccion-del-consumidor-o-una-medida-insuficiente\/","url":"https:\/\/suapoderado.com\/index.php\/2025\/02\/16\/nueva-refuerza-la-defensa-del-consumidor-un-avance-real-en-la-proteccion-del-consumidor-o-una-medida-insuficiente\/","name":"Nueva Ley refuerza la defensa del consumidor: \u00bfAvance real o medida insuficiente?\" - Suapoderado","isPartOf":{"@id":"https:\/\/suapoderado.com\/#website"},"primaryImageOfPage":{"@id":"https:\/\/suapoderado.com\/index.php\/2025\/02\/16\/nueva-refuerza-la-defensa-del-consumidor-un-avance-real-en-la-proteccion-del-consumidor-o-una-medida-insuficiente\/#primaryimage"},"image":{"@id":"https:\/\/suapoderado.com\/index.php\/2025\/02\/16\/nueva-refuerza-la-defensa-del-consumidor-un-avance-real-en-la-proteccion-del-consumidor-o-una-medida-insuficiente\/#primaryimage"},"thumbnailUrl":"https:\/\/suapoderado.com\/wp-content\/uploads\/2025\/02\/image-1.webp","datePublished":"2025-02-16T16:20:03+00:00","dateModified":"2025-02-16T16:26:20+00:00","breadcrumb":{"@id":"https:\/\/suapoderado.com\/index.php\/2025\/02\/16\/nueva-refuerza-la-defensa-del-consumidor-un-avance-real-en-la-proteccion-del-consumidor-o-una-medida-insuficiente\/#breadcrumb"},"inLanguage":"es-CO","potentialAction":[{"@type":"ReadAction","target":["https:\/\/suapoderado.com\/index.php\/2025\/02\/16\/nueva-refuerza-la-defensa-del-consumidor-un-avance-real-en-la-proteccion-del-consumidor-o-una-medida-insuficiente\/"]}]},{"@type":"ImageObject","inLanguage":"es-CO","@id":"https:\/\/suapoderado.com\/index.php\/2025\/02\/16\/nueva-refuerza-la-defensa-del-consumidor-un-avance-real-en-la-proteccion-del-consumidor-o-una-medida-insuficiente\/#primaryimage","url":"https:\/\/suapoderado.com\/wp-content\/uploads\/2025\/02\/image-1.webp","contentUrl":"https:\/\/suapoderado.com\/wp-content\/uploads\/2025\/02\/image-1.webp","width":1024,"height":1024},{"@type":"BreadcrumbList","@id":"https:\/\/suapoderado.com\/index.php\/2025\/02\/16\/nueva-refuerza-la-defensa-del-consumidor-un-avance-real-en-la-proteccion-del-consumidor-o-una-medida-insuficiente\/#breadcrumb","itemListElement":[{"@type":"ListItem","position":1,"name":"Inicio","item":"https:\/\/suapoderado.com\/"},{"@type":"ListItem","position":2,"name":"Nueva Ley refuerza la defensa del consumidor: \u00bfAvance real o medida insuficiente?&#8221;"}]},{"@type":"WebSite","@id":"https:\/\/suapoderado.com\/#website","url":"https:\/\/suapoderado.com\/","name":"Suapoderado","description":"Ferrer &amp; Hern\u00e1ndez Abogados","publisher":{"@id":"https:\/\/suapoderado.com\/#organization"},"potentialAction":[{"@type":"SearchAction","target":{"@type":"EntryPoint","urlTemplate":"https:\/\/suapoderado.com\/?s={search_term_string}"},"query-input":{"@type":"PropertyValueSpecification","valueRequired":true,"valueName":"search_term_string"}}],"inLanguage":"es-CO"},{"@type":"Organization","@id":"https:\/\/suapoderado.com\/#organization","name":"Suapoderado","alternateName":"Ferrer & Hernandez Abogados","url":"https:\/\/suapoderado.com\/","logo":{"@type":"ImageObject","inLanguage":"es-CO","@id":"https:\/\/suapoderado.com\/#\/schema\/logo\/image\/","url":"http:\/\/www.suapoderado.com\/wp-content\/uploads\/2025\/02\/favicon_suapoderado_final_48x48.png","contentUrl":"http:\/\/www.suapoderado.com\/wp-content\/uploads\/2025\/02\/favicon_suapoderado_final_48x48.png","width":48,"height":48,"caption":"Suapoderado"},"image":{"@id":"https:\/\/suapoderado.com\/#\/schema\/logo\/image\/"}},{"@type":"Person","@id":"https:\/\/suapoderado.com\/#\/schema\/person\/cfffd57ddb2b4ab35950b27d9a38240b","name":"mferrerhernandez@suapoderado.com","image":{"@type":"ImageObject","inLanguage":"es-CO","@id":"https:\/\/suapoderado.com\/#\/schema\/person\/image\/","url":"https:\/\/secure.gravatar.com\/avatar\/81d200cdcda114b1b55f13aa2898eb27?s=96&d=mm&r=g","contentUrl":"https:\/\/secure.gravatar.com\/avatar\/81d200cdcda114b1b55f13aa2898eb27?s=96&d=mm&r=g","caption":"mferrerhernandez@suapoderado.com"},"sameAs":["http:\/\/wwww.suapoderado.com"],"url":"https:\/\/suapoderado.com\/index.php\/author\/mferrerhernandezhotmail-com\/"}]}},"_links":{"self":[{"href":"https:\/\/suapoderado.com\/index.php\/wp-json\/wp\/v2\/posts\/3727","targetHints":{"allow":["GET"]}}],"collection":[{"href":"https:\/\/suapoderado.com\/index.php\/wp-json\/wp\/v2\/posts"}],"about":[{"href":"https:\/\/suapoderado.com\/index.php\/wp-json\/wp\/v2\/types\/post"}],"author":[{"embeddable":true,"href":"https:\/\/suapoderado.com\/index.php\/wp-json\/wp\/v2\/users\/1"}],"replies":[{"embeddable":true,"href":"https:\/\/suapoderado.com\/index.php\/wp-json\/wp\/v2\/comments?post=3727"}],"version-history":[{"count":3,"href":"https:\/\/suapoderado.com\/index.php\/wp-json\/wp\/v2\/posts\/3727\/revisions"}],"predecessor-version":[{"id":3732,"href":"https:\/\/suapoderado.com\/index.php\/wp-json\/wp\/v2\/posts\/3727\/revisions\/3732"}],"wp:attachment":[{"href":"https:\/\/suapoderado.com\/index.php\/wp-json\/wp\/v2\/media?parent=3727"}],"wp:term":[{"taxonomy":"category","embeddable":true,"href":"https:\/\/suapoderado.com\/index.php\/wp-json\/wp\/v2\/categories?post=3727"},{"taxonomy":"post_tag","embeddable":true,"href":"https:\/\/suapoderado.com\/index.php\/wp-json\/wp\/v2\/tags?post=3727"}],"curies":[{"name":"wp","href":"https:\/\/api.w.org\/{rel}","templated":true}]}}