{"id":3775,"date":"2025-03-03T04:35:53","date_gmt":"2025-03-03T04:35:53","guid":{"rendered":"https:\/\/suapoderado.com\/?p=3775"},"modified":"2025-03-03T04:50:00","modified_gmt":"2025-03-03T04:50:00","slug":"colombia-dice-adios-al-matrimonio-infantil-ley-2447-marca-un-hito-en-la-proteccion-de-la-ninez","status":"publish","type":"post","link":"https:\/\/suapoderado.com\/index.php\/2025\/03\/03\/colombia-dice-adios-al-matrimonio-infantil-ley-2447-marca-un-hito-en-la-proteccion-de-la-ninez\/","title":{"rendered":"Colombia dice adi\u00f3s al matrimonio infantil: Ley 2447 marca un hito en la protecci\u00f3n de la ni\u00f1ez"},"content":{"rendered":"\n<div class=\"wp-block-media-text is-stacked-on-mobile\"><figure class=\"wp-block-media-text__media\"><img fetchpriority=\"high\" decoding=\"async\" width=\"1024\" height=\"585\" src=\"https:\/\/suapoderado.com\/wp-content\/uploads\/2025\/03\/DALL\u00b7E-2025-03-02-23.46.38-Una-reunion-de-adolescentes-conversando-en-un-ambiente-relajado.-El-grupo-esta-compuesto-por-chicos-y-chicas-de-diferentes-etnias-sentados-en-circulo-1-1024x585.webp\" alt=\"\" class=\"wp-image-3778 size-full\" srcset=\"https:\/\/suapoderado.com\/wp-content\/uploads\/2025\/03\/DALL\u00b7E-2025-03-02-23.46.38-Una-reunion-de-adolescentes-conversando-en-un-ambiente-relajado.-El-grupo-esta-compuesto-por-chicos-y-chicas-de-diferentes-etnias-sentados-en-circulo-1-1024x585.webp 1024w, https:\/\/suapoderado.com\/wp-content\/uploads\/2025\/03\/DALL\u00b7E-2025-03-02-23.46.38-Una-reunion-de-adolescentes-conversando-en-un-ambiente-relajado.-El-grupo-esta-compuesto-por-chicos-y-chicas-de-diferentes-etnias-sentados-en-circulo-1-300x171.webp 300w, https:\/\/suapoderado.com\/wp-content\/uploads\/2025\/03\/DALL\u00b7E-2025-03-02-23.46.38-Una-reunion-de-adolescentes-conversando-en-un-ambiente-relajado.-El-grupo-esta-compuesto-por-chicos-y-chicas-de-diferentes-etnias-sentados-en-circulo-1-768x439.webp 768w, https:\/\/suapoderado.com\/wp-content\/uploads\/2025\/03\/DALL\u00b7E-2025-03-02-23.46.38-Una-reunion-de-adolescentes-conversando-en-un-ambiente-relajado.-El-grupo-esta-compuesto-por-chicos-y-chicas-de-diferentes-etnias-sentados-en-circulo-1-1536x878.webp 1536w, https:\/\/suapoderado.com\/wp-content\/uploads\/2025\/03\/DALL\u00b7E-2025-03-02-23.46.38-Una-reunion-de-adolescentes-conversando-en-un-ambiente-relajado.-El-grupo-esta-compuesto-por-chicos-y-chicas-de-diferentes-etnias-sentados-en-circulo-1.webp 1792w\" sizes=\"(max-width: 1024px) 100vw, 1024px\" \/><\/figure><div class=\"wp-block-media-text__content\">\n<h2 class=\"wp-block-heading\">Colombia dice adi\u00f3s al matrimonio infantil: Ley 2447 marca un hito en la protecci\u00f3n de la ni\u00f1ez<\/h2>\n\n\n\n<p><strong>Colombia \u2013 13 de febrero de 2025.<\/strong> En un paso hist\u00f3rico hacia la protecci\u00f3n de los derechos de la infancia, Colombia ha promulgado la <strong>Ley 2447<\/strong>, una legislaci\u00f3n integral que proh\u00edbe todas las formas de uni\u00f3n temprana y refuerza la seguridad jur\u00eddica de ni\u00f1os, ni\u00f1as y adolescentes.<\/p>\n\n\n\n<p>Firmada por el <strong>Ministro de Salud y Protecci\u00f3n Social<\/strong>, esta nueva normativa eleva la edad m\u00ednima para contraer matrimonio a <strong>18 a\u00f1os<\/strong>, anulando cualquier posibilidad de casamiento legal para menores. Adem\u00e1s, define y regula las uniones informales en las que al menos uno de los integrantes sea menor de edad, estableciendo medidas de restituci\u00f3n de derechos.<\/p>\n\n\n\n<h3 class=\"wp-block-heading\"><strong>Un blindaje contra los matrimonios forzados y las uniones de facto<\/strong><\/h3>\n\n\n\n<p>La ley introduce disposiciones clave para eliminar estas pr\u00e1cticas:<\/p>\n<\/div><\/div>\n\n\n\n<p>\u2705 <strong>Nulidad de matrimonios con menores:<\/strong> Cualquier uni\u00f3n en la que participe un menor de edad podr\u00e1 ser anulada, y se establecen mecanismos claros para hacerlo.<br>\u2705 <strong>Protecci\u00f3n de bienes y derechos:<\/strong> Se proh\u00edbe que un adulto se beneficie del patrimonio o derechos de su pareja menor de edad.<br>\u2705 <strong>Sistema de alertas tempranas:<\/strong> Se implementar\u00e1 un sistema para detectar y prevenir uniones forzadas, permitiendo la intervenci\u00f3n de entidades estatales.<br>\u2705 <strong>Programa Nacional de Proyectos de Vida:<\/strong> Liderado por el <strong>Instituto Colombiano de Bienestar Familiar (ICBF)<\/strong>, este programa fortalecer\u00e1 la prevenci\u00f3n y atenci\u00f3n en zonas vulnerables, con especial \u00e9nfasis en \u00e1reas rurales.<br>\u2705 <strong>Campa\u00f1as de sensibilizaci\u00f3n:<\/strong> El Gobierno, en colaboraci\u00f3n con el ICBF, desarrollar\u00e1 iniciativas educativas para concientizar sobre los riesgos y consecuencias de las uniones tempranas.<\/p>\n\n\n\n<h3 class=\"wp-block-heading\"><strong>Un avance crucial para el futuro de la infancia en Colombia<\/strong><\/h3>\n\n\n\n<p>Con esta medida, Colombia se suma a los pa\u00edses que han erradicado legalmente el matrimonio infantil y otras formas de uni\u00f3n temprana, un problema que afecta principalmente a ni\u00f1as y adolescentes en contextos de vulnerabilidad.<\/p>\n\n\n\n<p>\u201cLa Ley 2447 no solo protege a nuestros ni\u00f1os, ni\u00f1as y adolescentes, sino que tambi\u00e9n sienta las bases para un cambio cultural necesario. Queremos garantizarles un futuro donde puedan crecer, estudiar y decidir sobre su vida sin presiones externas\u201d, se\u00f1al\u00f3 un portavoz del Ministerio de Salud y Protecci\u00f3n Social.<\/p>\n\n\n\n<p>La implementaci\u00f3n de esta ley representa un compromiso firme con la infancia y adolescencia colombiana, asegurando que sus derechos no solo sean reconocidos, sino verdaderamente protegidos.<\/p>\n\n\n\n<p><\/p>\n","protected":false},"excerpt":{"rendered":"<p>Colombia dice adi\u00f3s al matrimonio infantil: Ley 2447 marca un hito en la protecci\u00f3n de la ni\u00f1ez Colombia \u2013 13 de febrero de 2025. En un paso hist\u00f3rico hacia la protecci\u00f3n de los derechos de la infancia, Colombia ha promulgado la Ley 2447, una legislaci\u00f3n integral que proh\u00edbe todas las formas de uni\u00f3n temprana y&#8230;<\/p>\n","protected":false},"author":1,"featured_media":0,"comment_status":"open","ping_status":"open","sticky":false,"template":"","format":"standard","meta":{"_kadence_starter_templates_imported_post":false,"_kad_post_transparent":"","_kad_post_title":"","_kad_post_layout":"","_kad_post_sidebar_id":"","_kad_post_content_style":"","_kad_post_vertical_padding":"","_kad_post_feature":"","_kad_post_feature_position":"","_kad_post_header":false,"_kad_post_footer":false,"footnotes":""},"categories":[1],"tags":[],"class_list":["post-3775","post","type-post","status-publish","format-standard","hentry","category-derecho-de-familia"],"yoast_head":"<!-- This site is optimized with the Yoast SEO plugin v24.6 - https:\/\/yoast.com\/wordpress\/plugins\/seo\/ -->\n<title>Colombia dice adi\u00f3s al matrimonio infantil: Ley 2447 marca un hito en la protecci\u00f3n de la ni\u00f1ez - Suapoderado<\/title>\n<meta name=\"robots\" content=\"index, follow, max-snippet:-1, max-image-preview:large, max-video-preview:-1\" \/>\n<link rel=\"canonical\" href=\"https:\/\/suapoderado.com\/index.php\/2025\/03\/03\/colombia-dice-adios-al-matrimonio-infantil-ley-2447-marca-un-hito-en-la-proteccion-de-la-ninez\/\" \/>\n<meta property=\"og:locale\" content=\"es_ES\" \/>\n<meta property=\"og:type\" content=\"article\" \/>\n<meta property=\"og:title\" content=\"Colombia dice adi\u00f3s al matrimonio infantil: Ley 2447 marca un hito en la protecci\u00f3n de la ni\u00f1ez - Suapoderado\" \/>\n<meta property=\"og:description\" content=\"Colombia dice adi\u00f3s al matrimonio infantil: Ley 2447 marca un hito en la protecci\u00f3n de la ni\u00f1ez Colombia \u2013 13 de febrero de 2025. En un paso hist\u00f3rico hacia la protecci\u00f3n de los derechos de la infancia, Colombia ha promulgado la Ley 2447, una legislaci\u00f3n integral que proh\u00edbe todas las formas de uni\u00f3n temprana y...\" \/>\n<meta property=\"og:url\" content=\"https:\/\/suapoderado.com\/index.php\/2025\/03\/03\/colombia-dice-adios-al-matrimonio-infantil-ley-2447-marca-un-hito-en-la-proteccion-de-la-ninez\/\" \/>\n<meta property=\"og:site_name\" content=\"Suapoderado\" \/>\n<meta property=\"article:published_time\" content=\"2025-03-03T04:35:53+00:00\" \/>\n<meta property=\"article:modified_time\" content=\"2025-03-03T04:50:00+00:00\" \/>\n<meta name=\"author\" content=\"mferrerhernandez@suapoderado.com\" \/>\n<meta name=\"twitter:card\" content=\"summary_large_image\" \/>\n<meta name=\"twitter:label1\" content=\"Escrito por\" \/>\n\t<meta name=\"twitter:data1\" content=\"mferrerhernandez@suapoderado.com\" \/>\n\t<meta name=\"twitter:label2\" content=\"Tiempo de lectura\" \/>\n\t<meta name=\"twitter:data2\" content=\"2 minutos\" \/>\n<script type=\"application\/ld+json\" class=\"yoast-schema-graph\">{\"@context\":\"https:\/\/schema.org\",\"@graph\":[{\"@type\":\"Article\",\"@id\":\"https:\/\/suapoderado.com\/index.php\/2025\/03\/03\/colombia-dice-adios-al-matrimonio-infantil-ley-2447-marca-un-hito-en-la-proteccion-de-la-ninez\/#article\",\"isPartOf\":{\"@id\":\"https:\/\/suapoderado.com\/index.php\/2025\/03\/03\/colombia-dice-adios-al-matrimonio-infantil-ley-2447-marca-un-hito-en-la-proteccion-de-la-ninez\/\"},\"author\":{\"name\":\"mferrerhernandez@suapoderado.com\",\"@id\":\"https:\/\/suapoderado.com\/#\/schema\/person\/cfffd57ddb2b4ab35950b27d9a38240b\"},\"headline\":\"Colombia dice adi\u00f3s al matrimonio infantil: Ley 2447 marca un hito en la protecci\u00f3n de la ni\u00f1ez\",\"datePublished\":\"2025-03-03T04:35:53+00:00\",\"dateModified\":\"2025-03-03T04:50:00+00:00\",\"mainEntityOfPage\":{\"@id\":\"https:\/\/suapoderado.com\/index.php\/2025\/03\/03\/colombia-dice-adios-al-matrimonio-infantil-ley-2447-marca-un-hito-en-la-proteccion-de-la-ninez\/\"},\"wordCount\":430,\"commentCount\":0,\"publisher\":{\"@id\":\"https:\/\/suapoderado.com\/#organization\"},\"articleSection\":[\"Derecho de Familia\"],\"inLanguage\":\"es-CO\",\"potentialAction\":[{\"@type\":\"CommentAction\",\"name\":\"Comment\",\"target\":[\"https:\/\/suapoderado.com\/index.php\/2025\/03\/03\/colombia-dice-adios-al-matrimonio-infantil-ley-2447-marca-un-hito-en-la-proteccion-de-la-ninez\/#respond\"]}]},{\"@type\":\"WebPage\",\"@id\":\"https:\/\/suapoderado.com\/index.php\/2025\/03\/03\/colombia-dice-adios-al-matrimonio-infantil-ley-2447-marca-un-hito-en-la-proteccion-de-la-ninez\/\",\"url\":\"https:\/\/suapoderado.com\/index.php\/2025\/03\/03\/colombia-dice-adios-al-matrimonio-infantil-ley-2447-marca-un-hito-en-la-proteccion-de-la-ninez\/\",\"name\":\"Colombia dice adi\u00f3s al matrimonio infantil: Ley 2447 marca un hito en la protecci\u00f3n de la ni\u00f1ez - Suapoderado\",\"isPartOf\":{\"@id\":\"https:\/\/suapoderado.com\/#website\"},\"datePublished\":\"2025-03-03T04:35:53+00:00\",\"dateModified\":\"2025-03-03T04:50:00+00:00\",\"breadcrumb\":{\"@id\":\"https:\/\/suapoderado.com\/index.php\/2025\/03\/03\/colombia-dice-adios-al-matrimonio-infantil-ley-2447-marca-un-hito-en-la-proteccion-de-la-ninez\/#breadcrumb\"},\"inLanguage\":\"es-CO\",\"potentialAction\":[{\"@type\":\"ReadAction\",\"target\":[\"https:\/\/suapoderado.com\/index.php\/2025\/03\/03\/colombia-dice-adios-al-matrimonio-infantil-ley-2447-marca-un-hito-en-la-proteccion-de-la-ninez\/\"]}]},{\"@type\":\"BreadcrumbList\",\"@id\":\"https:\/\/suapoderado.com\/index.php\/2025\/03\/03\/colombia-dice-adios-al-matrimonio-infantil-ley-2447-marca-un-hito-en-la-proteccion-de-la-ninez\/#breadcrumb\",\"itemListElement\":[{\"@type\":\"ListItem\",\"position\":1,\"name\":\"Inicio\",\"item\":\"https:\/\/suapoderado.com\/\"},{\"@type\":\"ListItem\",\"position\":2,\"name\":\"Colombia dice adi\u00f3s al matrimonio infantil: Ley 2447 marca un hito en la protecci\u00f3n de la ni\u00f1ez\"}]},{\"@type\":\"WebSite\",\"@id\":\"https:\/\/suapoderado.com\/#website\",\"url\":\"https:\/\/suapoderado.com\/\",\"name\":\"Suapoderado\",\"description\":\"Ferrer &amp; Hern\u00e1ndez Abogados\",\"publisher\":{\"@id\":\"https:\/\/suapoderado.com\/#organization\"},\"potentialAction\":[{\"@type\":\"SearchAction\",\"target\":{\"@type\":\"EntryPoint\",\"urlTemplate\":\"https:\/\/suapoderado.com\/?s={search_term_string}\"},\"query-input\":{\"@type\":\"PropertyValueSpecification\",\"valueRequired\":true,\"valueName\":\"search_term_string\"}}],\"inLanguage\":\"es-CO\"},{\"@type\":\"Organization\",\"@id\":\"https:\/\/suapoderado.com\/#organization\",\"name\":\"Suapoderado\",\"alternateName\":\"Ferrer & Hernandez Abogados\",\"url\":\"https:\/\/suapoderado.com\/\",\"logo\":{\"@type\":\"ImageObject\",\"inLanguage\":\"es-CO\",\"@id\":\"https:\/\/suapoderado.com\/#\/schema\/logo\/image\/\",\"url\":\"http:\/\/www.suapoderado.com\/wp-content\/uploads\/2025\/02\/favicon_suapoderado_final_48x48.png\",\"contentUrl\":\"http:\/\/www.suapoderado.com\/wp-content\/uploads\/2025\/02\/favicon_suapoderado_final_48x48.png\",\"width\":48,\"height\":48,\"caption\":\"Suapoderado\"},\"image\":{\"@id\":\"https:\/\/suapoderado.com\/#\/schema\/logo\/image\/\"}},{\"@type\":\"Person\",\"@id\":\"https:\/\/suapoderado.com\/#\/schema\/person\/cfffd57ddb2b4ab35950b27d9a38240b\",\"name\":\"mferrerhernandez@suapoderado.com\",\"image\":{\"@type\":\"ImageObject\",\"inLanguage\":\"es-CO\",\"@id\":\"https:\/\/suapoderado.com\/#\/schema\/person\/image\/\",\"url\":\"https:\/\/secure.gravatar.com\/avatar\/81d200cdcda114b1b55f13aa2898eb27?s=96&d=mm&r=g\",\"contentUrl\":\"https:\/\/secure.gravatar.com\/avatar\/81d200cdcda114b1b55f13aa2898eb27?s=96&d=mm&r=g\",\"caption\":\"mferrerhernandez@suapoderado.com\"},\"sameAs\":[\"http:\/\/wwww.suapoderado.com\"],\"url\":\"https:\/\/suapoderado.com\/index.php\/author\/mferrerhernandezhotmail-com\/\"}]}<\/script>\n<!-- \/ Yoast SEO plugin. -->","yoast_head_json":{"title":"Colombia dice adi\u00f3s al matrimonio infantil: Ley 2447 marca un hito en la protecci\u00f3n de la ni\u00f1ez - Suapoderado","robots":{"index":"index","follow":"follow","max-snippet":"max-snippet:-1","max-image-preview":"max-image-preview:large","max-video-preview":"max-video-preview:-1"},"canonical":"https:\/\/suapoderado.com\/index.php\/2025\/03\/03\/colombia-dice-adios-al-matrimonio-infantil-ley-2447-marca-un-hito-en-la-proteccion-de-la-ninez\/","og_locale":"es_ES","og_type":"article","og_title":"Colombia dice adi\u00f3s al matrimonio infantil: Ley 2447 marca un hito en la protecci\u00f3n de la ni\u00f1ez - Suapoderado","og_description":"Colombia dice adi\u00f3s al matrimonio infantil: Ley 2447 marca un hito en la protecci\u00f3n de la ni\u00f1ez Colombia \u2013 13 de febrero de 2025. En un paso hist\u00f3rico hacia la protecci\u00f3n de los derechos de la infancia, Colombia ha promulgado la Ley 2447, una legislaci\u00f3n integral que proh\u00edbe todas las formas de uni\u00f3n temprana y...","og_url":"https:\/\/suapoderado.com\/index.php\/2025\/03\/03\/colombia-dice-adios-al-matrimonio-infantil-ley-2447-marca-un-hito-en-la-proteccion-de-la-ninez\/","og_site_name":"Suapoderado","article_published_time":"2025-03-03T04:35:53+00:00","article_modified_time":"2025-03-03T04:50:00+00:00","author":"mferrerhernandez@suapoderado.com","twitter_card":"summary_large_image","twitter_misc":{"Escrito por":"mferrerhernandez@suapoderado.com","Tiempo de lectura":"2 minutos"},"schema":{"@context":"https:\/\/schema.org","@graph":[{"@type":"Article","@id":"https:\/\/suapoderado.com\/index.php\/2025\/03\/03\/colombia-dice-adios-al-matrimonio-infantil-ley-2447-marca-un-hito-en-la-proteccion-de-la-ninez\/#article","isPartOf":{"@id":"https:\/\/suapoderado.com\/index.php\/2025\/03\/03\/colombia-dice-adios-al-matrimonio-infantil-ley-2447-marca-un-hito-en-la-proteccion-de-la-ninez\/"},"author":{"name":"mferrerhernandez@suapoderado.com","@id":"https:\/\/suapoderado.com\/#\/schema\/person\/cfffd57ddb2b4ab35950b27d9a38240b"},"headline":"Colombia dice adi\u00f3s al matrimonio infantil: Ley 2447 marca un hito en la protecci\u00f3n de la ni\u00f1ez","datePublished":"2025-03-03T04:35:53+00:00","dateModified":"2025-03-03T04:50:00+00:00","mainEntityOfPage":{"@id":"https:\/\/suapoderado.com\/index.php\/2025\/03\/03\/colombia-dice-adios-al-matrimonio-infantil-ley-2447-marca-un-hito-en-la-proteccion-de-la-ninez\/"},"wordCount":430,"commentCount":0,"publisher":{"@id":"https:\/\/suapoderado.com\/#organization"},"articleSection":["Derecho de Familia"],"inLanguage":"es-CO","potentialAction":[{"@type":"CommentAction","name":"Comment","target":["https:\/\/suapoderado.com\/index.php\/2025\/03\/03\/colombia-dice-adios-al-matrimonio-infantil-ley-2447-marca-un-hito-en-la-proteccion-de-la-ninez\/#respond"]}]},{"@type":"WebPage","@id":"https:\/\/suapoderado.com\/index.php\/2025\/03\/03\/colombia-dice-adios-al-matrimonio-infantil-ley-2447-marca-un-hito-en-la-proteccion-de-la-ninez\/","url":"https:\/\/suapoderado.com\/index.php\/2025\/03\/03\/colombia-dice-adios-al-matrimonio-infantil-ley-2447-marca-un-hito-en-la-proteccion-de-la-ninez\/","name":"Colombia dice adi\u00f3s al matrimonio infantil: Ley 2447 marca un hito en la protecci\u00f3n de la ni\u00f1ez - Suapoderado","isPartOf":{"@id":"https:\/\/suapoderado.com\/#website"},"datePublished":"2025-03-03T04:35:53+00:00","dateModified":"2025-03-03T04:50:00+00:00","breadcrumb":{"@id":"https:\/\/suapoderado.com\/index.php\/2025\/03\/03\/colombia-dice-adios-al-matrimonio-infantil-ley-2447-marca-un-hito-en-la-proteccion-de-la-ninez\/#breadcrumb"},"inLanguage":"es-CO","potentialAction":[{"@type":"ReadAction","target":["https:\/\/suapoderado.com\/index.php\/2025\/03\/03\/colombia-dice-adios-al-matrimonio-infantil-ley-2447-marca-un-hito-en-la-proteccion-de-la-ninez\/"]}]},{"@type":"BreadcrumbList","@id":"https:\/\/suapoderado.com\/index.php\/2025\/03\/03\/colombia-dice-adios-al-matrimonio-infantil-ley-2447-marca-un-hito-en-la-proteccion-de-la-ninez\/#breadcrumb","itemListElement":[{"@type":"ListItem","position":1,"name":"Inicio","item":"https:\/\/suapoderado.com\/"},{"@type":"ListItem","position":2,"name":"Colombia dice adi\u00f3s al matrimonio infantil: Ley 2447 marca un hito en la protecci\u00f3n de la ni\u00f1ez"}]},{"@type":"WebSite","@id":"https:\/\/suapoderado.com\/#website","url":"https:\/\/suapoderado.com\/","name":"Suapoderado","description":"Ferrer &amp; Hern\u00e1ndez Abogados","publisher":{"@id":"https:\/\/suapoderado.com\/#organization"},"potentialAction":[{"@type":"SearchAction","target":{"@type":"EntryPoint","urlTemplate":"https:\/\/suapoderado.com\/?s={search_term_string}"},"query-input":{"@type":"PropertyValueSpecification","valueRequired":true,"valueName":"search_term_string"}}],"inLanguage":"es-CO"},{"@type":"Organization","@id":"https:\/\/suapoderado.com\/#organization","name":"Suapoderado","alternateName":"Ferrer & Hernandez Abogados","url":"https:\/\/suapoderado.com\/","logo":{"@type":"ImageObject","inLanguage":"es-CO","@id":"https:\/\/suapoderado.com\/#\/schema\/logo\/image\/","url":"http:\/\/www.suapoderado.com\/wp-content\/uploads\/2025\/02\/favicon_suapoderado_final_48x48.png","contentUrl":"http:\/\/www.suapoderado.com\/wp-content\/uploads\/2025\/02\/favicon_suapoderado_final_48x48.png","width":48,"height":48,"caption":"Suapoderado"},"image":{"@id":"https:\/\/suapoderado.com\/#\/schema\/logo\/image\/"}},{"@type":"Person","@id":"https:\/\/suapoderado.com\/#\/schema\/person\/cfffd57ddb2b4ab35950b27d9a38240b","name":"mferrerhernandez@suapoderado.com","image":{"@type":"ImageObject","inLanguage":"es-CO","@id":"https:\/\/suapoderado.com\/#\/schema\/person\/image\/","url":"https:\/\/secure.gravatar.com\/avatar\/81d200cdcda114b1b55f13aa2898eb27?s=96&d=mm&r=g","contentUrl":"https:\/\/secure.gravatar.com\/avatar\/81d200cdcda114b1b55f13aa2898eb27?s=96&d=mm&r=g","caption":"mferrerhernandez@suapoderado.com"},"sameAs":["http:\/\/wwww.suapoderado.com"],"url":"https:\/\/suapoderado.com\/index.php\/author\/mferrerhernandezhotmail-com\/"}]}},"_links":{"self":[{"href":"https:\/\/suapoderado.com\/index.php\/wp-json\/wp\/v2\/posts\/3775","targetHints":{"allow":["GET"]}}],"collection":[{"href":"https:\/\/suapoderado.com\/index.php\/wp-json\/wp\/v2\/posts"}],"about":[{"href":"https:\/\/suapoderado.com\/index.php\/wp-json\/wp\/v2\/types\/post"}],"author":[{"embeddable":true,"href":"https:\/\/suapoderado.com\/index.php\/wp-json\/wp\/v2\/users\/1"}],"replies":[{"embeddable":true,"href":"https:\/\/suapoderado.com\/index.php\/wp-json\/wp\/v2\/comments?post=3775"}],"version-history":[{"count":2,"href":"https:\/\/suapoderado.com\/index.php\/wp-json\/wp\/v2\/posts\/3775\/revisions"}],"predecessor-version":[{"id":3779,"href":"https:\/\/suapoderado.com\/index.php\/wp-json\/wp\/v2\/posts\/3775\/revisions\/3779"}],"wp:attachment":[{"href":"https:\/\/suapoderado.com\/index.php\/wp-json\/wp\/v2\/media?parent=3775"}],"wp:term":[{"taxonomy":"category","embeddable":true,"href":"https:\/\/suapoderado.com\/index.php\/wp-json\/wp\/v2\/categories?post=3775"},{"taxonomy":"post_tag","embeddable":true,"href":"https:\/\/suapoderado.com\/index.php\/wp-json\/wp\/v2\/tags?post=3775"}],"curies":[{"name":"wp","href":"https:\/\/api.w.org\/{rel}","templated":true}]}}